
{"id":7540,"date":"2026-04-28T19:24:35","date_gmt":"2026-04-28T17:24:35","guid":{"rendered":"https:\/\/przedszkole56.edu.wroclaw.pl\/?p=7540"},"modified":"2026-04-28T19:28:28","modified_gmt":"2026-04-28T17:28:28","slug":"7540","status":"publish","type":"post","link":"https:\/\/przedszkole56.edu.wroclaw.pl\/index.php\/2026\/04\/28\/7540\/","title":{"rendered":"Edukacja w Ruchu"},"content":{"rendered":"<div class=\"wpb-content-wrapper\"><p>[vc_row][vc_column][vc_column_text css=&#8221;&#8221;]<\/p>\n<h2 dir=\"auto\"><strong><span class=\"html-span xdj266r x14z9mp xat24cr x1lziwak xexx8yu xyri2b x18d9i69 x1c1uobl x1hl2dhg x16tdsg8 x1vvkbs\" style=\"font-size: 14pt\"><a class=\"x1i10hfl xjbqb8w x1ejq31n x18oe1m7 x1sy0etr xstzfhl x972fbf x10w94by x1qhh985 x14e42zd x9f619 x1ypdohk xt0psk2 x3ct3a4 xdj266r x14z9mp xat24cr x1lziwak xexx8yu xyri2b x18d9i69 x1c1uobl x16tdsg8 x1hl2dhg xggy1nq x1a2a7pz xkrqix3 x1sur9pj x1fey0fg x1s688f\" role=\"link\" href=\"https:\/\/www.facebook.com\/hashtag\/edukacjawruchu?__cft__[0]=AZaoFm8npEZq9p4Mo50zf8BcMdP-JP-lr5ksVmUJ1g2jeGksBihBinxKqVSLurihTvz61aD95Zgc1n1kqtO5gXgjI120SEEZ5Lc1YySYiwXtyiTNFGOvBnsCmuL3XKuWtazoxlHTIwVYQY-kWxgy2oXm&amp;__tn__=*NK-R\">#Edukacjawruchu<\/a><\/span><\/strong><\/h2>\n<h2 dir=\"auto\"><strong><span style=\"font-size: 14pt\">W ramach realizacji dzia\u0142a\u0144 zwiazanych z projektem, dzieci z Niezapominajki podj\u0119\u0142y kolejn\u0105 misj\u0119 \u2013 \u201eMokrad\u0142a\u201d. Zaj\u0119cia wspiera\u0142y rozw\u00f3j motoryki, koordynacji ruchowej oraz integracj\u0119 sensoryczn\u0105, a tak\u017ce poszerza\u0142y wiedz\u0119 przyrodnicz\u0105 poprzez aktywne dzia\u0142anie.<\/span><\/strong><\/h2>\n<h2 dir=\"auto\"><strong><span class=\"html-span xdj266r x14z9mp xat24cr x1lziwak xexx8yu xyri2b x18d9i69 x1c1uobl x1hl2dhg x16tdsg8 x1vvkbs\" style=\"font-size: 14pt\"><a class=\"x1i10hfl xjbqb8w x1ejq31n x18oe1m7 x1sy0etr xstzfhl x972fbf x10w94by x1qhh985 x14e42zd x9f619 x1ypdohk xt0psk2 x3ct3a4 xdj266r x14z9mp xat24cr x1lziwak xexx8yu xyri2b x18d9i69 x1c1uobl x16tdsg8 x1hl2dhg xggy1nq x1a2a7pz xkrqix3 x1sur9pj x1fey0fg x1s688f\" role=\"link\" href=\"https:\/\/www.facebook.com\/hashtag\/edukacjawruchu?__cft__[0]=AZaoFm8npEZq9p4Mo50zf8BcMdP-JP-lr5ksVmUJ1g2jeGksBihBinxKqVSLurihTvz61aD95Zgc1n1kqtO5gXgjI120SEEZ5Lc1YySYiwXtyiTNFGOvBnsCmuL3XKuWtazoxlHTIwVYQY-kWxgy2oXm&amp;__tn__=*NK-R\">#EdukacjawRuchu<\/a><\/span><\/strong><\/h2>\n<h2 dir=\"auto\"><strong><span class=\"html-span xdj266r x14z9mp xat24cr x1lziwak xexx8yu xyri2b x18d9i69 x1c1uobl x1hl2dhg x16tdsg8 x1vvkbs\" style=\"font-size: 14pt\"><a class=\"x1i10hfl xjbqb8w x1ejq31n x18oe1m7 x1sy0etr xstzfhl x972fbf x10w94by x1qhh985 x14e42zd x9f619 x1ypdohk xt0psk2 x3ct3a4 xdj266r x14z9mp xat24cr x1lziwak xexx8yu xyri2b x18d9i69 x1c1uobl x16tdsg8 x1hl2dhg xggy1nq x1a2a7pz xkrqix3 x1sur9pj x1fey0fg x1s688f\" role=\"link\" href=\"https:\/\/www.facebook.com\/hashtag\/misjamokrad%C5%82a?__cft__[0]=AZaoFm8npEZq9p4Mo50zf8BcMdP-JP-lr5ksVmUJ1g2jeGksBihBinxKqVSLurihTvz61aD95Zgc1n1kqtO5gXgjI120SEEZ5Lc1YySYiwXtyiTNFGOvBnsCmuL3XKuWtazoxlHTIwVYQY-kWxgy2oXm&amp;__tn__=*NK-R\">#MisjaMokrad\u0142a<\/a><\/span><\/strong><\/h2>\n<p>[\/vc_column_text][\/vc_column][\/vc_row][vc_row][vc_column][vc_gallery type=&#8221;image_grid&#8221; images=&#8221;7559,7541,7542,7543,7544,7545,7547,7553,7552,7546,7551,7550,7549,7548,7554,7555,7556,7557,7558&#8243; css=&#8221;&#8221;][\/vc_column][\/vc_row]<\/p>\n<\/div>","protected":false},"excerpt":{"rendered":"<p>[vc_row][vc_column][vc_column_text css=&#8221;&#8221;] #Edukacjawruchu W ramach realizacji dzia\u0142a\u0144 zwiazanych z projektem, dzieci z Niezapominajki podj\u0119\u0142y kolejn\u0105 misj\u0119 \u2013 \u201eMokrad\u0142a\u201d. Zaj\u0119cia wspiera\u0142y rozw\u00f3j motoryki, koordynacji ruchowej oraz integracj\u0119 sensoryczn\u0105, a tak\u017ce poszerza\u0142y [&hellip;]<\/p>\n","protected":false},"author":177,"featured_media":7554,"comment_status":"closed","ping_status":"open","sticky":false,"template":"","format":"standard","meta":{"ngg_post_thumbnail":0,"footnotes":""},"categories":[3],"tags":[],"class_list":["post-7540","post","type-post","status-publish","format-standard","has-post-thumbnail","hentry","category-aktualnosci","clearfix"],"_links":{"self":[{"href":"https:\/\/przedszkole56.edu.wroclaw.pl\/index.php\/wp-json\/wp\/v2\/posts\/7540","targetHints":{"allow":["GET"]}}],"collection":[{"href":"https:\/\/przedszkole56.edu.wroclaw.pl\/index.php\/wp-json\/wp\/v2\/posts"}],"about":[{"href":"https:\/\/przedszkole56.edu.wroclaw.pl\/index.php\/wp-json\/wp\/v2\/types\/post"}],"author":[{"embeddable":true,"href":"https:\/\/przedszkole56.edu.wroclaw.pl\/index.php\/wp-json\/wp\/v2\/users\/177"}],"replies":[{"embeddable":true,"href":"https:\/\/przedszkole56.edu.wroclaw.pl\/index.php\/wp-json\/wp\/v2\/comments?post=7540"}],"version-history":[{"count":2,"href":"https:\/\/przedszkole56.edu.wroclaw.pl\/index.php\/wp-json\/wp\/v2\/posts\/7540\/revisions"}],"predecessor-version":[{"id":7561,"href":"https:\/\/przedszkole56.edu.wroclaw.pl\/index.php\/wp-json\/wp\/v2\/posts\/7540\/revisions\/7561"}],"wp:featuredmedia":[{"embeddable":true,"href":"https:\/\/przedszkole56.edu.wroclaw.pl\/index.php\/wp-json\/wp\/v2\/media\/7554"}],"wp:attachment":[{"href":"https:\/\/przedszkole56.edu.wroclaw.pl\/index.php\/wp-json\/wp\/v2\/media?parent=7540"}],"wp:term":[{"taxonomy":"category","embeddable":true,"href":"https:\/\/przedszkole56.edu.wroclaw.pl\/index.php\/wp-json\/wp\/v2\/categories?post=7540"},{"taxonomy":"post_tag","embeddable":true,"href":"https:\/\/przedszkole56.edu.wroclaw.pl\/index.php\/wp-json\/wp\/v2\/tags?post=7540"}],"curies":[{"name":"wp","href":"https:\/\/api.w.org\/{rel}","templated":true}]}}