
{"id":7275,"date":"2026-02-17T13:48:50","date_gmt":"2026-02-17T12:48:50","guid":{"rendered":"https:\/\/przedszkole56.edu.wroclaw.pl\/?p=7275"},"modified":"2026-02-17T13:48:50","modified_gmt":"2026-02-17T12:48:50","slug":"zieloneprzedszkole-drodzy-rodzice-motylkow-myszek-i-stonog","status":"publish","type":"post","link":"https:\/\/przedszkole56.edu.wroclaw.pl\/index.php\/2026\/02\/17\/zieloneprzedszkole-drodzy-rodzice-motylkow-myszek-i-stonog\/","title":{"rendered":"#zieloneprzedszkole &#8211;  Drodzy Rodzice Motylk\u00f3w, Myszek i Ston\u00f3g"},"content":{"rendered":"<div class=\"wpb-content-wrapper\"><p>[vc_row][vc_column][vc_column_text css=&#8221;&#8221;]<\/p>\n<div class=\"xdj266r x14z9mp xat24cr x1lziwak x1vvkbs x126k92a\">\n<h2 dir=\"auto\"><span style=\"font-size: 18.6667px\">\u00a0S<\/span><span style=\"font-size: 12pt\"><strong>erdecznie zapraszamy Pa\u0144stwa na spotkanie informacyjne dotycz\u0105ce wyjazdu dzieci na Zielone Przedszkole.<\/strong><\/span><\/h2>\n<\/div>\n<div dir=\"auto\"><span style=\"font-size: 12pt\"><strong>To b\u0119dzie doskona\u0142a okazja, by:<\/strong><\/span><\/div>\n<div dir=\"auto\"><span style=\"font-size: 12pt\"><strong><span class=\"html-span xexx8yu xyri2b x18d9i69 x1c1uobl x1hl2dhg x16tdsg8 x1vvkbs x3nfvp2 x1j61x8r x1fcty0u xdj266r xat24cr xm2jcoa x1mpyi22 xxymvpz xlup9mm x1kky2od\"><img loading=\"lazy\" decoding=\"async\" class=\"xz74otr x15mokao x1ga7v0g x16uus16 xbiv7yw\" src=\"https:\/\/static.xx.fbcdn.net\/images\/emoji.php\/v9\/t51\/1\/16\/2714.png\" alt=\"\u2714\ufe0f\" width=\"16\" height=\"16\" \/><\/span> pozna\u0107 szczeg\u00f3\u0142owy program wyjazdu,<\/strong><\/span><\/div>\n<div dir=\"auto\"><span style=\"font-size: 12pt\"><strong><span class=\"html-span xexx8yu xyri2b x18d9i69 x1c1uobl x1hl2dhg x16tdsg8 x1vvkbs x3nfvp2 x1j61x8r x1fcty0u xdj266r xat24cr xm2jcoa x1mpyi22 xxymvpz xlup9mm x1kky2od\"><img loading=\"lazy\" decoding=\"async\" class=\"xz74otr x15mokao x1ga7v0g x16uus16 xbiv7yw\" src=\"https:\/\/static.xx.fbcdn.net\/images\/emoji.php\/v9\/t51\/1\/16\/2714.png\" alt=\"\u2714\ufe0f\" width=\"16\" height=\"16\" \/><\/span> dowiedzie\u0107 si\u0119, gdzie i w jakich warunkach b\u0119d\u0105 przebywa\u0107 dzieci,<\/strong><\/span><\/div>\n<div dir=\"auto\"><span style=\"font-size: 12pt\"><strong><span class=\"html-span xexx8yu xyri2b x18d9i69 x1c1uobl x1hl2dhg x16tdsg8 x1vvkbs x3nfvp2 x1j61x8r x1fcty0u xdj266r xat24cr xm2jcoa x1mpyi22 xxymvpz xlup9mm x1kky2od\"><img loading=\"lazy\" decoding=\"async\" class=\"xz74otr x15mokao x1ga7v0g x16uus16 xbiv7yw\" src=\"https:\/\/static.xx.fbcdn.net\/images\/emoji.php\/v9\/t51\/1\/16\/2714.png\" alt=\"\u2714\ufe0f\" width=\"16\" height=\"16\" \/><\/span> zapozna\u0107 si\u0119 z zasadami organizacyjnymi,<\/strong><\/span><\/div>\n<div dir=\"auto\"><span style=\"font-size: 12pt\"><strong><span class=\"html-span xexx8yu xyri2b x18d9i69 x1c1uobl x1hl2dhg x16tdsg8 x1vvkbs x3nfvp2 x1j61x8r x1fcty0u xdj266r xat24cr xm2jcoa x1mpyi22 xxymvpz xlup9mm x1kky2od\"><img loading=\"lazy\" decoding=\"async\" class=\"xz74otr x15mokao x1ga7v0g x16uus16 xbiv7yw\" src=\"https:\/\/static.xx.fbcdn.net\/images\/emoji.php\/v9\/t51\/1\/16\/2714.png\" alt=\"\u2714\ufe0f\" width=\"16\" height=\"16\" \/><\/span> uzyska\u0107 informacje dotycz\u0105ce bezpiecze\u0144stwa, wy\u017cywienia i transportu,<\/strong><\/span><\/div>\n<div dir=\"auto\"><span style=\"font-size: 12pt\"><strong><span class=\"html-span xexx8yu xyri2b x18d9i69 x1c1uobl x1hl2dhg x16tdsg8 x1vvkbs x3nfvp2 x1j61x8r x1fcty0u xdj266r xat24cr xm2jcoa x1mpyi22 xxymvpz xlup9mm x1kky2od\"><img loading=\"lazy\" decoding=\"async\" class=\"xz74otr x15mokao x1ga7v0g x16uus16 xbiv7yw\" src=\"https:\/\/static.xx.fbcdn.net\/images\/emoji.php\/v9\/t51\/1\/16\/2714.png\" alt=\"\u2714\ufe0f\" width=\"16\" height=\"16\" \/><\/span> zada\u0107 wszystkie nurtuj\u0105ce Pa\u0144stwa pytania.<\/strong><\/span><\/div>\n<div dir=\"auto\"><span style=\"font-size: 12pt\"><strong>Wiemy, \u017ce wyjazd to dla dzieci ogromna przygoda, a dla Rodzic\u00f3w wiele emocji i w\u0105tpliwo\u015bci.<\/strong><\/span><\/div>\n<div dir=\"auto\"><span style=\"font-size: 12pt\"><strong>Dlatego chcemy spokojnie i rzetelnie przedstawi\u0107 wszystkie szczeg\u00f3\u0142y, aby mieli Pa\u0144stwo pe\u0142en komfort i poczucie bezpiecze\u0144stwa przed podj\u0119ciem decyzji.<\/strong><\/span><\/div>\n<div dir=\"auto\"><span style=\"font-size: 12pt\"><strong>Zielone Przedszkole to nie tylko wyjazd \u2013 to czas budowania samodzielno\u015bci, integracji, wzmacniania relacji i prze\u017cywania pi\u0119knych chwil w blisko\u015bci natury.<\/strong><\/span><\/div>\n<div dir=\"auto\"><span style=\"font-size: 12pt\"><strong>B\u0119dzie nam bardzo mi\u0142o spotka\u0107 si\u0119 z Pa\u0144stwem i wsp\u00f3lnie porozmawia\u0107 o tej wyj\u0105tkowej przygodzie.<\/strong><\/span><\/div>\n<div dir=\"auto\"><span style=\"font-size: 12pt\"><strong>Do zobaczenia!<\/strong><\/span><\/div>\n<div class=\"x14z9mp xat24cr x1lziwak x1vvkbs xtlvy1s x126k92a\">\n<h2 dir=\"auto\"><strong><span style=\"font-size: 14pt\"><span class=\"html-span xexx8yu xyri2b x18d9i69 x1c1uobl x1hl2dhg x16tdsg8 x1vvkbs x3nfvp2 x1j61x8r x1fcty0u xdj266r xat24cr xm2jcoa x1mpyi22 xxymvpz xlup9mm x1kky2od\"><img loading=\"lazy\" decoding=\"async\" class=\"xz74otr x15mokao x1ga7v0g x16uus16 xbiv7yw\" src=\"https:\/\/static.xx.fbcdn.net\/images\/emoji.php\/v9\/t7e\/1\/16\/1f4c5.png\" alt=\"\ud83d\udcc5\" width=\"16\" height=\"16\" \/><\/span> 23.02.2026 r. (poniedzia\u0142ek)<\/span><\/strong><\/h2>\n<h2 dir=\"auto\"><strong><span style=\"font-size: 14pt\"><span class=\"html-span xexx8yu xyri2b x18d9i69 x1c1uobl x1hl2dhg x16tdsg8 x1vvkbs x3nfvp2 x1j61x8r x1fcty0u xdj266r xat24cr xm2jcoa x1mpyi22 xxymvpz xlup9mm x1kky2od\"><img loading=\"lazy\" decoding=\"async\" class=\"xz74otr x15mokao x1ga7v0g x16uus16 xbiv7yw\" src=\"https:\/\/static.xx.fbcdn.net\/images\/emoji.php\/v9\/t2b\/1\/16\/1f553.png\" alt=\"\ud83d\udd53\" width=\"16\" height=\"16\" \/><\/span> godzina 16:00<\/span><\/strong><\/h2>\n<h2 dir=\"auto\"><strong><span style=\"font-size: 14pt\"><span class=\"html-span xexx8yu xyri2b x18d9i69 x1c1uobl x1hl2dhg x16tdsg8 x1vvkbs x3nfvp2 x1j61x8r x1fcty0u xdj266r xat24cr xm2jcoa x1mpyi22 xxymvpz xlup9mm x1kky2od\"><img loading=\"lazy\" decoding=\"async\" class=\"xz74otr x15mokao x1ga7v0g x16uus16 xbiv7yw\" src=\"https:\/\/static.xx.fbcdn.net\/images\/emoji.php\/v9\/t2d\/1\/16\/1f4cd.png\" alt=\"\ud83d\udccd\" width=\"16\" height=\"16\" \/><\/span> Du\u017ca Niezapominajka<\/span><\/strong><\/h2>\n<\/div>\n<p>[\/vc_column_text][\/vc_column][\/vc_row]<\/p>\n<\/div>","protected":false},"excerpt":{"rendered":"<p>[vc_row][vc_column][vc_column_text css=&#8221;&#8221;] \u00a0Serdecznie zapraszamy Pa\u0144stwa na spotkanie informacyjne dotycz\u0105ce wyjazdu dzieci na Zielone Przedszkole. To b\u0119dzie doskona\u0142a okazja, by: pozna\u0107 szczeg\u00f3\u0142owy program wyjazdu, dowiedzie\u0107 si\u0119, gdzie i w jakich warunkach [&hellip;]<\/p>\n","protected":false},"author":177,"featured_media":7276,"comment_status":"closed","ping_status":"open","sticky":false,"template":"","format":"standard","meta":{"ngg_post_thumbnail":0,"footnotes":""},"categories":[3],"tags":[],"class_list":["post-7275","post","type-post","status-publish","format-standard","has-post-thumbnail","hentry","category-aktualnosci","clearfix"],"_links":{"self":[{"href":"https:\/\/przedszkole56.edu.wroclaw.pl\/index.php\/wp-json\/wp\/v2\/posts\/7275","targetHints":{"allow":["GET"]}}],"collection":[{"href":"https:\/\/przedszkole56.edu.wroclaw.pl\/index.php\/wp-json\/wp\/v2\/posts"}],"about":[{"href":"https:\/\/przedszkole56.edu.wroclaw.pl\/index.php\/wp-json\/wp\/v2\/types\/post"}],"author":[{"embeddable":true,"href":"https:\/\/przedszkole56.edu.wroclaw.pl\/index.php\/wp-json\/wp\/v2\/users\/177"}],"replies":[{"embeddable":true,"href":"https:\/\/przedszkole56.edu.wroclaw.pl\/index.php\/wp-json\/wp\/v2\/comments?post=7275"}],"version-history":[{"count":1,"href":"https:\/\/przedszkole56.edu.wroclaw.pl\/index.php\/wp-json\/wp\/v2\/posts\/7275\/revisions"}],"predecessor-version":[{"id":7277,"href":"https:\/\/przedszkole56.edu.wroclaw.pl\/index.php\/wp-json\/wp\/v2\/posts\/7275\/revisions\/7277"}],"wp:featuredmedia":[{"embeddable":true,"href":"https:\/\/przedszkole56.edu.wroclaw.pl\/index.php\/wp-json\/wp\/v2\/media\/7276"}],"wp:attachment":[{"href":"https:\/\/przedszkole56.edu.wroclaw.pl\/index.php\/wp-json\/wp\/v2\/media?parent=7275"}],"wp:term":[{"taxonomy":"category","embeddable":true,"href":"https:\/\/przedszkole56.edu.wroclaw.pl\/index.php\/wp-json\/wp\/v2\/categories?post=7275"},{"taxonomy":"post_tag","embeddable":true,"href":"https:\/\/przedszkole56.edu.wroclaw.pl\/index.php\/wp-json\/wp\/v2\/tags?post=7275"}],"curies":[{"name":"wp","href":"https:\/\/api.w.org\/{rel}","templated":true}]}}