
{"id":7164,"date":"2026-01-20T13:13:23","date_gmt":"2026-01-20T12:13:23","guid":{"rendered":"https:\/\/przedszkole56.edu.wroclaw.pl\/?p=7164"},"modified":"2026-01-20T13:15:06","modified_gmt":"2026-01-20T12:15:06","slug":"7164","status":"publish","type":"post","link":"https:\/\/przedszkole56.edu.wroclaw.pl\/index.php\/2026\/01\/20\/7164\/","title":{"rendered":"ANIO\u0141KOWE GRANIE"},"content":{"rendered":"<div class=\"wpb-content-wrapper\"><p>[vc_row][vc_column][vc_column_text css=&#8221;&#8221;]<\/p>\n<h2 dir=\"auto\"><strong><span class=\"html-span xdj266r x14z9mp xat24cr x1lziwak xexx8yu xyri2b x18d9i69 x1c1uobl x1hl2dhg x16tdsg8 x1vvkbs\" style=\"font-size: 14pt\"><a class=\"x1i10hfl xjbqb8w x1ejq31n x18oe1m7 x1sy0etr xstzfhl x972fbf x10w94by x1qhh985 x14e42zd x9f619 x1ypdohk xt0psk2 x3ct3a4 xdj266r x14z9mp xat24cr x1lziwak xexx8yu xyri2b x18d9i69 x1c1uobl x16tdsg8 x1hl2dhg xggy1nq x1a2a7pz xkrqix3 x1sur9pj x1fey0fg x1s688f\" role=\"link\" href=\"https:\/\/www.facebook.com\/hashtag\/anio%C5%82kowegranie?__eep__=6&amp;__cft__[0]=AZalcRhFXUmVMzwheHd6GBmish0JP60cgnIb03MiGv3RRbeyRAqSNvfuEuFtHZFBw7w6tIGE7Y_hPLFVqekirSoXQ_-FwYkzH0qGf5Xq-WO67WLzmd8T7aCOkcBwYjN_TWlmeDlfUCGdNG2pRoDxrs1UdtvkKx4MrSEzaaoXhSpEhvp_EzdmrosqQM1IBJ3pFDs&amp;__tn__=*NK-R\">#Anio\u0142koweGranie<\/a><\/span><\/strong><\/h2>\n<h2 dir=\"auto\"><strong><span style=\"font-size: 14pt\">Po raz XXII w Teatrze Lalek odby\u0142 si\u0119 koncert fina\u0142owy projektu Anio\u0142kowe Granie <span class=\"html-span xexx8yu xyri2b x18d9i69 x1c1uobl x1hl2dhg x16tdsg8 x1vvkbs x3nfvp2 x1j61x8r x1fcty0u xdj266r xat24cr xm2jcoa x1mpyi22 xxymvpz xlup9mm x1kky2od\"><img loading=\"lazy\" decoding=\"async\" class=\"xz74otr x15mokao x1ga7v0g x16uus16 xbiv7yw\" src=\"https:\/\/static.xx.fbcdn.net\/images\/emoji.php\/v9\/t58\/1\/16\/1f47c.png\" alt=\"\ud83d\udc7c\" width=\"16\" height=\"16\" \/><\/span> \u2013 wyj\u0105tkowego przedsi\u0119wzi\u0119cia, kt\u00f3re od lat wspiera ide\u0119 pieczy zast\u0119pczej, a kt\u00f3rego Niezapominajka jest wsp\u00f3\u0142autorem i wsp\u00f3\u0142organizatorem.<\/span><\/strong><\/h2>\n<h2 dir=\"auto\"><strong><span style=\"font-size: 14pt\">Tego wieczoru w teatrze spotkali si\u0119 koordynatorzy bior\u0105cych udzia\u0142 w projekcie, zaproszeni go\u015bcie oraz przedstawiciele w\u0142adz Wroc\u0142awia. We wroc\u0142awskiej edycji wzi\u0119\u0142y udzia\u0142 64 przedszkola, szko\u0142y i Kluby Sportowe. By\u0142 to czas pe\u0142en dobra, wzrusze\u0144 i pi\u0119knych wyst\u0119p\u00f3w. Publiczno\u015b\u0107 mog\u0142a obejrze\u0107 poruszaj\u0105cy spektakl, a tak\u017ce niezwykle nastrojowy wyst\u0119p naszych Myszek (brawa dla Nauczycielem za przygotowanie wyst\u0119pu ale i dla mam, kt\u00f3re wyst\u0105pi\u0142y wraz z dzie\u0107mi <span class=\"html-span xexx8yu xyri2b x18d9i69 x1c1uobl x1hl2dhg x16tdsg8 x1vvkbs x3nfvp2 x1j61x8r x1fcty0u xdj266r xat24cr xm2jcoa x1mpyi22 xxymvpz xlup9mm x1kky2od\"><img loading=\"lazy\" decoding=\"async\" class=\"xz74otr x15mokao x1ga7v0g x16uus16 xbiv7yw\" src=\"https:\/\/static.xx.fbcdn.net\/images\/emoji.php\/v9\/tea\/1\/16\/1f970.png\" alt=\"\ud83e\udd70\" width=\"16\" height=\"16\" \/><\/span>).<\/span><\/strong><\/h2>\n<h2 dir=\"auto\"><strong><span style=\"font-size: 14pt\">Najwa\u017cniejszymi go\u015b\u0107mi by\u0142y rodziny zast\u0119pcze wraz z dzie\u0107mi, dla kt\u00f3rych Anio\u0142kowe Granie jest przede wszystkim znakiem pami\u0119ci, wsparcia i obecno\u015bci <span class=\"html-span xexx8yu xyri2b x18d9i69 x1c1uobl x1hl2dhg x16tdsg8 x1vvkbs x3nfvp2 x1j61x8r x1fcty0u xdj266r xat24cr xm2jcoa x1mpyi22 xxymvpz xlup9mm x1kky2od\"><img loading=\"lazy\" decoding=\"async\" class=\"xz74otr x15mokao x1ga7v0g x16uus16 xbiv7yw\" src=\"https:\/\/static.xx.fbcdn.net\/images\/emoji.php\/v9\/t6c\/1\/16\/1f499.png\" alt=\"\ud83d\udc99\" width=\"16\" height=\"16\" \/><\/span>.<\/span><\/strong><\/h2>\n<h2 dir=\"auto\"><strong><span style=\"font-size: 14pt\">Wszyscy uczestnicy otrzymali certyfikaty i podzi\u0119kowania potwierdzaj\u0105ce udzia\u0142 w akcji oraz r\u0119cznie robione anio\u0142ki \u2013 symbol dobra, wra\u017cliwo\u015bci i gotowo\u015bci do pomagania drugiemu cz\u0142owiekowi.<\/span><\/strong><\/h2>\n<h2 dir=\"auto\"><strong><span style=\"font-size: 14pt\">To by\u0142 wiecz\u00f3r, kt\u00f3ry zostaje w sercu i przypomina, jak wielk\u0105 moc ma wsp\u00f3lne dzia\u0142anie i dzielenie si\u0119 dobrem.<\/span><\/strong><\/h2>\n<p>[\/vc_column_text][\/vc_column][\/vc_row]<\/p>\n<\/div>","protected":false},"excerpt":{"rendered":"<p>[vc_row][vc_column][vc_column_text css=&#8221;&#8221;] #Anio\u0142koweGranie Po raz XXII w Teatrze Lalek odby\u0142 si\u0119 koncert fina\u0142owy projektu Anio\u0142kowe Granie \u2013 wyj\u0105tkowego przedsi\u0119wzi\u0119cia, kt\u00f3re od lat wspiera ide\u0119 pieczy zast\u0119pczej, a kt\u00f3rego Niezapominajka jest [&hellip;]<\/p>\n","protected":false},"author":177,"featured_media":7165,"comment_status":"closed","ping_status":"open","sticky":false,"template":"","format":"standard","meta":{"ngg_post_thumbnail":0,"footnotes":""},"categories":[3],"tags":[],"class_list":["post-7164","post","type-post","status-publish","format-standard","has-post-thumbnail","hentry","category-aktualnosci","clearfix"],"_links":{"self":[{"href":"https:\/\/przedszkole56.edu.wroclaw.pl\/index.php\/wp-json\/wp\/v2\/posts\/7164","targetHints":{"allow":["GET"]}}],"collection":[{"href":"https:\/\/przedszkole56.edu.wroclaw.pl\/index.php\/wp-json\/wp\/v2\/posts"}],"about":[{"href":"https:\/\/przedszkole56.edu.wroclaw.pl\/index.php\/wp-json\/wp\/v2\/types\/post"}],"author":[{"embeddable":true,"href":"https:\/\/przedszkole56.edu.wroclaw.pl\/index.php\/wp-json\/wp\/v2\/users\/177"}],"replies":[{"embeddable":true,"href":"https:\/\/przedszkole56.edu.wroclaw.pl\/index.php\/wp-json\/wp\/v2\/comments?post=7164"}],"version-history":[{"count":3,"href":"https:\/\/przedszkole56.edu.wroclaw.pl\/index.php\/wp-json\/wp\/v2\/posts\/7164\/revisions"}],"predecessor-version":[{"id":7168,"href":"https:\/\/przedszkole56.edu.wroclaw.pl\/index.php\/wp-json\/wp\/v2\/posts\/7164\/revisions\/7168"}],"wp:featuredmedia":[{"embeddable":true,"href":"https:\/\/przedszkole56.edu.wroclaw.pl\/index.php\/wp-json\/wp\/v2\/media\/7165"}],"wp:attachment":[{"href":"https:\/\/przedszkole56.edu.wroclaw.pl\/index.php\/wp-json\/wp\/v2\/media?parent=7164"}],"wp:term":[{"taxonomy":"category","embeddable":true,"href":"https:\/\/przedszkole56.edu.wroclaw.pl\/index.php\/wp-json\/wp\/v2\/categories?post=7164"},{"taxonomy":"post_tag","embeddable":true,"href":"https:\/\/przedszkole56.edu.wroclaw.pl\/index.php\/wp-json\/wp\/v2\/tags?post=7164"}],"curies":[{"name":"wp","href":"https:\/\/api.w.org\/{rel}","templated":true}]}}