
{"id":7160,"date":"2026-01-20T13:00:10","date_gmt":"2026-01-20T12:00:10","guid":{"rendered":"https:\/\/przedszkole56.edu.wroclaw.pl\/?p=7160"},"modified":"2026-01-20T13:00:10","modified_gmt":"2026-01-20T12:00:10","slug":"7160","status":"publish","type":"post","link":"https:\/\/przedszkole56.edu.wroclaw.pl\/index.php\/2026\/01\/20\/7160\/","title":{"rendered":""},"content":{"rendered":"<div class=\"wpb-content-wrapper\"><p>[vc_row][vc_column][vc_column_text css=&#8221;&#8221;]<\/p>\n<h2><span style=\"font-size: 14pt\"><strong> Z ogromn\u0105 rado\u015bci\u0105 dzielimy si\u0119 dobr\u0105 wiadomo\u015bci\u0105!<\/strong><\/span><br class=\"html-br\" \/><span style=\"font-size: 14pt\"><strong>Niezapominajka otrzyma\u0142a Certyfikat promowania aktywno\u015bci fizycznej, na kolejne lata.<\/strong><\/span><br class=\"html-br\" \/><br class=\"html-br\" \/><span style=\"font-size: 14pt\"><strong>To dla nas pi\u0119kne potwierdzenie, \u017ce codzienny ruch, zabawa, zdrowe nawyki i rado\u015b\u0107 bycia aktywnym s\u0105 u nas naprawd\u0119 wa\u017cne. Dzieci\u0119ca energia, u\u015bmiechy i wsp\u00f3lne \u0107wiczenia maj\u0105 sens \u2013 i s\u0105 zauwa\u017cane.<\/strong><\/span><br class=\"html-br\" \/><br class=\"html-br\" \/><span style=\"font-size: 14pt\"><strong>Dzi\u0119kujemy ca\u0142ej kadrze za zaanga\u017cowanie, a naszym przedszkolakom za to, \u017ce ka\u017cdego dnia przypominaj\u0105 nam, jak naturalna i radosna potrafi by\u0107 aktywno\u015b\u0107 fizyczna.<\/strong><\/span><br class=\"html-br\" \/><span style=\"font-size: 14pt\"><strong>Jeste\u015bmy dumni!\u00a0<span class=\"html-span xexx8yu xyri2b x18d9i69 x1c1uobl x1hl2dhg x16tdsg8 x1vvkbs x3nfvp2 x1j61x8r x1fcty0u xdj266r xat24cr xm2jcoa x1mpyi22 xxymvpz xlup9mm x1kky2od\"><img loading=\"lazy\" decoding=\"async\" class=\"xz74otr x15mokao x1ga7v0g x16uus16 xbiv7yw\" src=\"https:\/\/static.xx.fbcdn.net\/images\/emoji.php\/v9\/t6c\/1\/16\/1f4aa.png\" alt=\"\ud83d\udcaa\" width=\"16\" height=\"16\" \/><\/span>\u00a0<\/strong><\/span><\/h2>\n<p>[\/vc_column_text][\/vc_column][\/vc_row]<\/p>\n<\/div>","protected":false},"excerpt":{"rendered":"<p>[vc_row][vc_column][vc_column_text css=&#8221;&#8221;] Z ogromn\u0105 rado\u015bci\u0105 dzielimy si\u0119 dobr\u0105 wiadomo\u015bci\u0105!Niezapominajka otrzyma\u0142a Certyfikat promowania aktywno\u015bci fizycznej, na kolejne lata.To dla nas pi\u0119kne potwierdzenie, \u017ce codzienny ruch, zabawa, zdrowe nawyki i rado\u015b\u0107 bycia [&hellip;]<\/p>\n","protected":false},"author":177,"featured_media":7161,"comment_status":"closed","ping_status":"open","sticky":false,"template":"","format":"standard","meta":{"ngg_post_thumbnail":0,"footnotes":""},"categories":[3],"tags":[],"class_list":["post-7160","post","type-post","status-publish","format-standard","has-post-thumbnail","hentry","category-aktualnosci","clearfix"],"_links":{"self":[{"href":"https:\/\/przedszkole56.edu.wroclaw.pl\/index.php\/wp-json\/wp\/v2\/posts\/7160","targetHints":{"allow":["GET"]}}],"collection":[{"href":"https:\/\/przedszkole56.edu.wroclaw.pl\/index.php\/wp-json\/wp\/v2\/posts"}],"about":[{"href":"https:\/\/przedszkole56.edu.wroclaw.pl\/index.php\/wp-json\/wp\/v2\/types\/post"}],"author":[{"embeddable":true,"href":"https:\/\/przedszkole56.edu.wroclaw.pl\/index.php\/wp-json\/wp\/v2\/users\/177"}],"replies":[{"embeddable":true,"href":"https:\/\/przedszkole56.edu.wroclaw.pl\/index.php\/wp-json\/wp\/v2\/comments?post=7160"}],"version-history":[{"count":1,"href":"https:\/\/przedszkole56.edu.wroclaw.pl\/index.php\/wp-json\/wp\/v2\/posts\/7160\/revisions"}],"predecessor-version":[{"id":7162,"href":"https:\/\/przedszkole56.edu.wroclaw.pl\/index.php\/wp-json\/wp\/v2\/posts\/7160\/revisions\/7162"}],"wp:featuredmedia":[{"embeddable":true,"href":"https:\/\/przedszkole56.edu.wroclaw.pl\/index.php\/wp-json\/wp\/v2\/media\/7161"}],"wp:attachment":[{"href":"https:\/\/przedszkole56.edu.wroclaw.pl\/index.php\/wp-json\/wp\/v2\/media?parent=7160"}],"wp:term":[{"taxonomy":"category","embeddable":true,"href":"https:\/\/przedszkole56.edu.wroclaw.pl\/index.php\/wp-json\/wp\/v2\/categories?post=7160"},{"taxonomy":"post_tag","embeddable":true,"href":"https:\/\/przedszkole56.edu.wroclaw.pl\/index.php\/wp-json\/wp\/v2\/tags?post=7160"}],"curies":[{"name":"wp","href":"https:\/\/api.w.org\/{rel}","templated":true}]}}