
{"id":7011,"date":"2025-12-04T15:44:34","date_gmt":"2025-12-04T14:44:34","guid":{"rendered":"https:\/\/przedszkole56.edu.wroclaw.pl\/?p=7011"},"modified":"2025-12-04T15:45:37","modified_gmt":"2025-12-04T14:45:37","slug":"7011","status":"publish","type":"post","link":"https:\/\/przedszkole56.edu.wroclaw.pl\/index.php\/2025\/12\/04\/7011\/","title":{"rendered":"ZDALNY PSYCHOLOG"},"content":{"rendered":"<div class=\"wpb-content-wrapper\"><p>[vc_row][vc_column][vc_column_text css=&#8221;&#8221;]<\/p>\n<div class=\"xdj266r x14z9mp xat24cr x1lziwak x1vvkbs x126k92a\">\n<div dir=\"auto\"><strong><span class=\"html-span xdj266r x14z9mp xat24cr x1lziwak xexx8yu xyri2b x18d9i69 x1c1uobl x1hl2dhg x16tdsg8 x1vvkbs\" style=\"font-size: 14pt\"><a class=\"x1i10hfl xjbqb8w x1ejq31n x18oe1m7 x1sy0etr xstzfhl x972fbf x10w94by x1qhh985 x14e42zd x9f619 x1ypdohk xt0psk2 x3ct3a4 xdj266r x14z9mp xat24cr x1lziwak xexx8yu xyri2b x18d9i69 x1c1uobl x16tdsg8 x1hl2dhg xggy1nq x1a2a7pz xkrqix3 x1sur9pj x1fey0fg x1s688f\" role=\"link\" href=\"https:\/\/www.facebook.com\/hashtag\/zdalnypsycholog?__eep__=6&amp;__cft__[0]=AZVpZxmjzMKzLAdL2UcpUGZgNaSKf_kt2yzYOcD8BctjQ1sDcw5F0YqIwC0oMLfDPvhCBE7Df_Xx78tdzhBViSSfv6kHjMNbsdzuLtsPr_FeKwnTiBsuSF0cnsoQbwVWqSu76IXNIiTN_0WaxxB_zLq5&amp;__tn__=*NK-R\">#Zdalnypsycholog<\/a><\/span><\/strong><\/div>\n<div dir=\"auto\"><strong><span style=\"font-size: 14pt\"><span class=\"html-span xexx8yu xyri2b x18d9i69 x1c1uobl x1hl2dhg x16tdsg8 x1vvkbs x3nfvp2 x1j61x8r x1fcty0u xdj266r xat24cr xm2jcoa x1mpyi22 xxymvpz xlup9mm x1kky2od\"><img loading=\"lazy\" decoding=\"async\" class=\"xz74otr x15mokao x1ga7v0g x16uus16 xbiv7yw\" src=\"https:\/\/static.xx.fbcdn.net\/images\/emoji.php\/v9\/t7\/1\/16\/1f384.png\" alt=\"\ud83c\udf84\" width=\"16\" height=\"16\" \/><\/span>Poczuj \u015bwi\u0105teczn\u0105 atmosfer\u0119, zg\u0142\u0119biaj\u0105c tajniki etykiety z Adamem Jarczy\u0144skim \u2013 ekspertem w dziedzinie savoir-vivre oraz protoko\u0142u dyplomatycznego. Go\u015b\u0107 Specjalny projektu Wellbefi Zdalny Psycholog podejmie dla Was tematy zwi\u0105zane z przygotowaniami i uczestnictwem w \u015bwi\u0105tecznych spotkaniach. Czy warto by\u0107 punktualnym? Czego sobie \u017cyczy\u0107, gdy w g\u0142owie pustka? Po kt\u00f3rej stronie talerza po\u0142o\u017cy\u0107 smartfon? Dowiecie si\u0119 ju\u017c w przysz\u0142ym tygodniu! Zapraszamy na dwa spotkania!<\/span><\/strong><\/div>\n<\/div>\n<div class=\"x14z9mp xat24cr x1lziwak x1vvkbs xtlvy1s x126k92a\">\n<div dir=\"auto\"><span style=\"color: #333399\"><strong><span style=\"font-size: 14pt\">Wtorek, 9 grudnia, godz. 18.00<\/span><\/strong><\/span><\/div>\n<div dir=\"auto\"><span style=\"color: #333399\"><strong><span style=\"font-size: 14pt\">Temat: \u015awi\u0119ta bez stresu: rozwi\u0105zujemy wigilijne dylematy (od sp\u00f3\u017anienia do prezentu)<\/span><\/strong><\/span><\/div>\n<div dir=\"auto\"><span style=\"color: #333399\"><strong><span style=\"font-size: 14pt\">Czwartek, 11 grudnia, godz. 18.00<\/span><\/strong><\/span><\/div>\n<div dir=\"auto\"><span style=\"color: #333399\"><strong><span style=\"font-size: 14pt\">Temat: \u015awi\u0105teczny Savoir-Vivre: jak unikn\u0105\u0107 gaf przy wigilijnym stole?<\/span><\/strong><\/span><\/div>\n<\/div>\n<div class=\"x14z9mp xat24cr x1lziwak x1vvkbs xtlvy1s x126k92a\">\n<div dir=\"auto\"><strong><span style=\"font-size: 14pt\">Go\u015b\u0107 specjalny: Adam Jarczy\u0144ski, autor trzech ksi\u0105\u017cek z zakresu dobrych manier po\u015bwi\u0119conych etykiecie w biznesie, codziennej kurtuazji oraz zasadom bon tonu dla dzieci opisanym w historii science fiction. Prowadzi bloga dobremaniery24, jest za\u0142o\u017cycielem Polskiej Akademii Protoko\u0142u i Etykiety oraz wyk\u0142adowc\u0105 Europejskiej Akademii Dyplomacji.<\/span><\/strong><\/div>\n<div dir=\"auto\"><strong><span style=\"font-size: 14pt\">Tematyka spotka\u0144 zosta\u0142a przygotowana z my\u015bl\u0105 zar\u00f3wno o m\u0142odzie\u017cy, jak i doros\u0142ych. Zach\u0119camy do udzia\u0142u! Je\u017celi chcesz do\u0142\u0105czy\u0107 do sesji, kliknij wid\u017cet Wellbefi na stronie naszej plac\u00f3wki o wskazanej godzinie. Wi\u0119cej informacji na fanpage projektu Wellbefi Zdalny Psycholog na platformie Facebook.<\/span><\/strong><\/div>\n<\/div>\n<div class=\"x14z9mp xat24cr x1lziwak x1vvkbs xtlvy1s x126k92a\">\n<div dir=\"auto\"><strong><span style=\"font-size: 14pt\">&#8212;&#8212;&#8212;&#8212;&#8212;&#8212;&#8212;&#8212;&#8212;&#8212;&#8212;&#8212;&#8212;&#8212;&#8212;&#8212;&#8212;&#8212;&#8212;&#8212;<\/span><\/strong><\/div>\n<div dir=\"auto\"><strong><span style=\"font-size: 14pt\">Fundacja Wsp\u00f3lnie Dla Sprawy realizuje dla szk\u00f3\u0142 i przedszkoli projekt Wellbefi Zdalny Psycholog, kt\u00f3ry umo\u017cliwia uczniom, rodzicom i nauczycielom dost\u0119p do bezp\u0142atnych konsultacji psychologicznych online oraz udzia\u0142 w Live Sesjach na tematy zwi\u0105zane z dobrostanem psychicznym.&#8221;<\/span><\/strong><\/div>\n<\/div>\n<p>[\/vc_column_text][\/vc_column][\/vc_row]<\/p>\n<\/div>","protected":false},"excerpt":{"rendered":"<p>[vc_row][vc_column][vc_column_text css=&#8221;&#8221;] #Zdalnypsycholog Poczuj \u015bwi\u0105teczn\u0105 atmosfer\u0119, zg\u0142\u0119biaj\u0105c tajniki etykiety z Adamem Jarczy\u0144skim \u2013 ekspertem w dziedzinie savoir-vivre oraz protoko\u0142u dyplomatycznego. Go\u015b\u0107 Specjalny projektu Wellbefi Zdalny Psycholog podejmie dla Was tematy [&hellip;]<\/p>\n","protected":false},"author":177,"featured_media":7012,"comment_status":"closed","ping_status":"open","sticky":false,"template":"","format":"standard","meta":{"ngg_post_thumbnail":0,"footnotes":""},"categories":[3],"tags":[],"class_list":["post-7011","post","type-post","status-publish","format-standard","has-post-thumbnail","hentry","category-aktualnosci","clearfix"],"_links":{"self":[{"href":"https:\/\/przedszkole56.edu.wroclaw.pl\/index.php\/wp-json\/wp\/v2\/posts\/7011","targetHints":{"allow":["GET"]}}],"collection":[{"href":"https:\/\/przedszkole56.edu.wroclaw.pl\/index.php\/wp-json\/wp\/v2\/posts"}],"about":[{"href":"https:\/\/przedszkole56.edu.wroclaw.pl\/index.php\/wp-json\/wp\/v2\/types\/post"}],"author":[{"embeddable":true,"href":"https:\/\/przedszkole56.edu.wroclaw.pl\/index.php\/wp-json\/wp\/v2\/users\/177"}],"replies":[{"embeddable":true,"href":"https:\/\/przedszkole56.edu.wroclaw.pl\/index.php\/wp-json\/wp\/v2\/comments?post=7011"}],"version-history":[{"count":2,"href":"https:\/\/przedszkole56.edu.wroclaw.pl\/index.php\/wp-json\/wp\/v2\/posts\/7011\/revisions"}],"predecessor-version":[{"id":7014,"href":"https:\/\/przedszkole56.edu.wroclaw.pl\/index.php\/wp-json\/wp\/v2\/posts\/7011\/revisions\/7014"}],"wp:featuredmedia":[{"embeddable":true,"href":"https:\/\/przedszkole56.edu.wroclaw.pl\/index.php\/wp-json\/wp\/v2\/media\/7012"}],"wp:attachment":[{"href":"https:\/\/przedszkole56.edu.wroclaw.pl\/index.php\/wp-json\/wp\/v2\/media?parent=7011"}],"wp:term":[{"taxonomy":"category","embeddable":true,"href":"https:\/\/przedszkole56.edu.wroclaw.pl\/index.php\/wp-json\/wp\/v2\/categories?post=7011"},{"taxonomy":"post_tag","embeddable":true,"href":"https:\/\/przedszkole56.edu.wroclaw.pl\/index.php\/wp-json\/wp\/v2\/tags?post=7011"}],"curies":[{"name":"wp","href":"https:\/\/api.w.org\/{rel}","templated":true}]}}