
{"id":6938,"date":"2025-11-14T12:20:54","date_gmt":"2025-11-14T11:20:54","guid":{"rendered":"https:\/\/przedszkole56.edu.wroclaw.pl\/?p=6938"},"modified":"2025-11-14T12:20:54","modified_gmt":"2025-11-14T11:20:54","slug":"6938","status":"publish","type":"post","link":"https:\/\/przedszkole56.edu.wroclaw.pl\/index.php\/2025\/11\/14\/6938\/","title":{"rendered":""},"content":{"rendered":"<div class=\"wpb-content-wrapper\"><p>[vc_row][vc_column][vc_column_text css=&#8221;&#8221;]<\/p>\n<div class=\"x_elementToProof\"><span style=\"font-size: 14pt;font-family: georgia, palatino\">Fundacja Wsp\u00f3lnie dla Sprawy, w ramach projektu\u00a0<b>Wellbefi\u00a0Zdalny Psycholog,\u00a0<\/b>prowadzi Live Sesje. <\/span><\/div>\n<div class=\"x_elementToProof\"><span style=\"font-size: 14pt;font-family: georgia, palatino\">Webinaria s\u0105 otwarte i dost\u0119pne na stronie przedszkola po klikni\u0119ciu wid\u017cetu Wellbefi. <\/span><\/div>\n<div class=\"x_elementToProof\"><span style=\"font-size: 14pt;font-family: georgia, palatino\">Codziennie o 19.00 psycholodzy Fundacji czytaj\u0105 na \u017cywo bajki terapeutyczne dla dzieci, we wtorki natomiast prowadz\u0105 webinaria dla rodzic\u00f3w i wychowawc\u00f3w. Poni\u017cej informacja z tematem najbli\u017cszej wtorkowej sesji.<\/span><\/div>\n<div class=\"x_elementToProof\"><span style=\"font-size: 14pt;font-family: georgia, palatino\">\u00a0<\/span><\/div>\n<div class=\"x_elementToProof\"><span style=\"font-size: 14pt;font-family: georgia, palatino\">TRE\u015a\u0106 POSTA:<\/span><\/div>\n<div class=\"x_elementToProof\"><span style=\"font-size: 14pt;font-family: georgia, palatino\"><i>&#8222;Dawno, dawno temu? Niekoniecznie! Codziennie wieczorem czytamy naszym Przedszkolakom bajki terapeutyczne! Wraz z Fundacj\u0105 Wsp\u00f3lnie dla Sprawy, w ramach projektu\u00a0<\/i><b><i>Wellbefi Zdalny Psycholog<\/i><\/b><i>, zapraszamy na seri\u0119 wyj\u0105tkowych otwartych Live Sesji!<\/i><\/span><\/div>\n<div class=\"x_elementToProof\"><span style=\"font-size: 14pt;font-family: georgia, palatino\"><i>\u00a0<\/i><\/span><\/div>\n<div class=\"x_elementToProof\"><span style=\"font-size: 14pt;font-family: georgia, palatino\"><b><i>Dla dzieci &#8211; Bajki Terapeutyczne:<\/i><\/b><\/span><\/div>\n<div class=\"x_elementToProof\"><span style=\"font-size: 14pt;font-family: georgia, palatino\"><i>Codziennie (pon.-pt.) o godz. 19.00 czytamy opowie\u015bci, kt\u00f3re pomog\u0105 dzieciom oswoi\u0107 r\u00f3\u017cne emocje i sytuacje \u017cyciowe poprzez m\u0105dre i zabawne historie pe\u0142ne dzieci\u0119cych bohater\u00f3w, zwierz\u0105t i fantastycznych postaci.<\/i><\/span><\/div>\n<div class=\"x_elementToProof\"><span style=\"font-size: 14pt;font-family: georgia, palatino\"><b><i>\u00a0<\/i><\/b><\/span><\/div>\n<div class=\"x_elementToProof\"><span style=\"font-size: 14pt;font-family: georgia, palatino\"><b><i>Dla Doros\u0142ych &#8211; Live Sesje po\u015bwi\u0119cone dobru dziecka:<\/i><\/b><\/span><\/div>\n<div class=\"x_elementToProof\"><span style=\"font-size: 14pt;font-family: georgia, palatino\"><i>We wtorki poruszamy tematy bliskie ka\u017cdemu rodzicowi <\/i><i>\u00a0\u2013 emocje, relacje, wspieranie dziecka w codziennych wyzwaniach.<\/i><\/span><\/div>\n<div class=\"x_elementToProof\"><span style=\"font-size: 14pt;font-family: georgia, palatino\">\u00a0<i>Najbli\u017cszy temat:<\/i><\/span><\/div>\n<ul class=\"x_elementToProof\">\n<li>\n<div><span style=\"font-size: 14pt;font-family: georgia, palatino\"><b><i>wtorek 18.11, godz. 17.00 &#8211; Samodzielno\u015b\u0107 zaczyna si\u0119 w przedszkolu \u2013 jak m\u0105drze wspiera\u0107 niezale\u017cno\u015b\u0107 dziecka?<\/i><\/b><i>\u00a0Jak nie wyr\u0119cza\u0107, ale towarzyszy\u0107. O budowaniu pewno\u015bci siebie poprzez codzienne wyzwania.<\/i><\/span><\/div>\n<\/li>\n<\/ul>\n<div class=\"x_elementToProof\"><span style=\"font-size: 14pt;font-family: georgia, palatino\"><i>Jak do\u0142\u0105czy\u0107 do sesji? To proste! Bajki oraz Live Sesje s\u0105 dost\u0119pne na stronie internetowej naszego przedszkola \u2013 wystarczy o wskazanej godzinie klikn\u0105\u0107 wid\u017cet projektu Wellbefi Zdalny Psycholog. Zach\u0119camy do udzia\u0142u!<\/i><\/span><\/div>\n<p>[\/vc_column_text][\/vc_column][\/vc_row]<\/p>\n<\/div>","protected":false},"excerpt":{"rendered":"<p>[vc_row][vc_column][vc_column_text css=&#8221;&#8221;] Fundacja Wsp\u00f3lnie dla Sprawy, w ramach projektu\u00a0Wellbefi\u00a0Zdalny Psycholog,\u00a0prowadzi Live Sesje. Webinaria s\u0105 otwarte i dost\u0119pne na stronie przedszkola po klikni\u0119ciu wid\u017cetu Wellbefi. Codziennie o 19.00 psycholodzy Fundacji czytaj\u0105 [&hellip;]<\/p>\n","protected":false},"author":177,"featured_media":6896,"comment_status":"closed","ping_status":"open","sticky":false,"template":"","format":"standard","meta":{"ngg_post_thumbnail":0,"footnotes":""},"categories":[3],"tags":[],"class_list":["post-6938","post","type-post","status-publish","format-standard","has-post-thumbnail","hentry","category-aktualnosci","clearfix"],"_links":{"self":[{"href":"https:\/\/przedszkole56.edu.wroclaw.pl\/index.php\/wp-json\/wp\/v2\/posts\/6938","targetHints":{"allow":["GET"]}}],"collection":[{"href":"https:\/\/przedszkole56.edu.wroclaw.pl\/index.php\/wp-json\/wp\/v2\/posts"}],"about":[{"href":"https:\/\/przedszkole56.edu.wroclaw.pl\/index.php\/wp-json\/wp\/v2\/types\/post"}],"author":[{"embeddable":true,"href":"https:\/\/przedszkole56.edu.wroclaw.pl\/index.php\/wp-json\/wp\/v2\/users\/177"}],"replies":[{"embeddable":true,"href":"https:\/\/przedszkole56.edu.wroclaw.pl\/index.php\/wp-json\/wp\/v2\/comments?post=6938"}],"version-history":[{"count":1,"href":"https:\/\/przedszkole56.edu.wroclaw.pl\/index.php\/wp-json\/wp\/v2\/posts\/6938\/revisions"}],"predecessor-version":[{"id":6939,"href":"https:\/\/przedszkole56.edu.wroclaw.pl\/index.php\/wp-json\/wp\/v2\/posts\/6938\/revisions\/6939"}],"wp:featuredmedia":[{"embeddable":true,"href":"https:\/\/przedszkole56.edu.wroclaw.pl\/index.php\/wp-json\/wp\/v2\/media\/6896"}],"wp:attachment":[{"href":"https:\/\/przedszkole56.edu.wroclaw.pl\/index.php\/wp-json\/wp\/v2\/media?parent=6938"}],"wp:term":[{"taxonomy":"category","embeddable":true,"href":"https:\/\/przedszkole56.edu.wroclaw.pl\/index.php\/wp-json\/wp\/v2\/categories?post=6938"},{"taxonomy":"post_tag","embeddable":true,"href":"https:\/\/przedszkole56.edu.wroclaw.pl\/index.php\/wp-json\/wp\/v2\/tags?post=6938"}],"curies":[{"name":"wp","href":"https:\/\/api.w.org\/{rel}","templated":true}]}}