
{"id":6895,"date":"2025-11-13T09:58:40","date_gmt":"2025-11-13T08:58:40","guid":{"rendered":"https:\/\/przedszkole56.edu.wroclaw.pl\/?p=6895"},"modified":"2025-11-13T09:59:33","modified_gmt":"2025-11-13T08:59:33","slug":"6895","status":"publish","type":"post","link":"https:\/\/przedszkole56.edu.wroclaw.pl\/index.php\/2025\/11\/13\/6895\/","title":{"rendered":""},"content":{"rendered":"<div class=\"wpb-content-wrapper\"><p>[vc_row][vc_column][vc_column_text css=&#8221;&#8221;]<\/p>\n<h2 dir=\"auto\">S<strong><span style=\"font-size: 14pt\">zanowni Pa\u0144stwo,<\/span><\/strong><\/h2>\n<h2 dir=\"auto\"><strong><span style=\"font-size: 14pt\">serdecznie zapraszamy do udzia\u0142u w cyklu bezp\u0142atnych spotka\u0144 online organizowanych przez Fundacj\u0119 \u201eWsp\u00f3lnie dla Sprawy\u201d w ramach projektu Zdalny Psycholog \u2013 Wellbefi, realizowanego w naszym przedszkolu.<\/span><\/strong><\/h2>\n<h2 dir=\"auto\"><strong><span style=\"font-size: 14pt\">Dla rodzic\u00f3w i nauczycieli przygotowali\u015bmy dedykowane Live Sesje, podczas kt\u00f3rych poruszymy tematy zwi\u0105zane z emocjami najm\u0142odszych, wspieraniem rozwoju dziecka oraz budowaniem relacji opartych na zaufaniu i poczuciu bezpiecze\u0144stwa.<\/span><\/strong><\/h2>\n<h2 dir=\"auto\"><strong><span style=\"font-size: 14pt\">Spotkania odbywa\u0107 si\u0119 b\u0119d\u0105 we wtorki o godzinie 17:00.<\/span><\/strong><\/h2>\n<h2 dir=\"auto\"><strong><span style=\"font-size: 14pt\">Dodatkowo, od poniedzia\u0142ku do pi\u0105tku, zapraszamy dzieci do s\u0142uchania bajek terapeutycznych czytanych przez psycholog\u00f3w Wellbefi \u2013 to doskona\u0142a forma wsp\u00f3lnego sp\u0119dzania czasu, rozwijania wyobra\u017ani i nauki radzenia sobie z emocjami.<\/span><\/strong><\/h2>\n<h2 dir=\"auto\"><strong><span style=\"font-size: 14pt\">Udzia\u0142 w spotkaniach i s\u0142uchowiskach jest bezp\u0142atny \u2013 wystarczy wej\u015b\u0107 na stron\u0119 internetow\u0105 przedszkola i klikn\u0105\u0107 w widget Wellbefi o godzinie rozpocz\u0119cia wydarzenia.<\/span><\/strong><\/h2>\n<h2 dir=\"auto\"><strong><span style=\"font-size: 14pt\">Zach\u0119camy do wsp\u00f3lnego udzia\u0142u \u2013 to okazja, by w przyjazny i prosty spos\u00f3b wesprze\u0107 rozw\u00f3j emocjonalny najm\u0142odszych.<\/span><\/strong><\/h2>\n<p>[\/vc_column_text][\/vc_column][\/vc_row]<\/p>\n<\/div>","protected":false},"excerpt":{"rendered":"<p>[vc_row][vc_column][vc_column_text css=&#8221;&#8221;] Szanowni Pa\u0144stwo, serdecznie zapraszamy do udzia\u0142u w cyklu bezp\u0142atnych spotka\u0144 online organizowanych przez Fundacj\u0119 \u201eWsp\u00f3lnie dla Sprawy\u201d w ramach projektu Zdalny Psycholog \u2013 Wellbefi, realizowanego w naszym przedszkolu. [&hellip;]<\/p>\n","protected":false},"author":177,"featured_media":6896,"comment_status":"closed","ping_status":"open","sticky":false,"template":"","format":"standard","meta":{"ngg_post_thumbnail":0,"footnotes":""},"categories":[3],"tags":[],"class_list":["post-6895","post","type-post","status-publish","format-standard","has-post-thumbnail","hentry","category-aktualnosci","clearfix"],"_links":{"self":[{"href":"https:\/\/przedszkole56.edu.wroclaw.pl\/index.php\/wp-json\/wp\/v2\/posts\/6895","targetHints":{"allow":["GET"]}}],"collection":[{"href":"https:\/\/przedszkole56.edu.wroclaw.pl\/index.php\/wp-json\/wp\/v2\/posts"}],"about":[{"href":"https:\/\/przedszkole56.edu.wroclaw.pl\/index.php\/wp-json\/wp\/v2\/types\/post"}],"author":[{"embeddable":true,"href":"https:\/\/przedszkole56.edu.wroclaw.pl\/index.php\/wp-json\/wp\/v2\/users\/177"}],"replies":[{"embeddable":true,"href":"https:\/\/przedszkole56.edu.wroclaw.pl\/index.php\/wp-json\/wp\/v2\/comments?post=6895"}],"version-history":[{"count":2,"href":"https:\/\/przedszkole56.edu.wroclaw.pl\/index.php\/wp-json\/wp\/v2\/posts\/6895\/revisions"}],"predecessor-version":[{"id":6898,"href":"https:\/\/przedszkole56.edu.wroclaw.pl\/index.php\/wp-json\/wp\/v2\/posts\/6895\/revisions\/6898"}],"wp:featuredmedia":[{"embeddable":true,"href":"https:\/\/przedszkole56.edu.wroclaw.pl\/index.php\/wp-json\/wp\/v2\/media\/6896"}],"wp:attachment":[{"href":"https:\/\/przedszkole56.edu.wroclaw.pl\/index.php\/wp-json\/wp\/v2\/media?parent=6895"}],"wp:term":[{"taxonomy":"category","embeddable":true,"href":"https:\/\/przedszkole56.edu.wroclaw.pl\/index.php\/wp-json\/wp\/v2\/categories?post=6895"},{"taxonomy":"post_tag","embeddable":true,"href":"https:\/\/przedszkole56.edu.wroclaw.pl\/index.php\/wp-json\/wp\/v2\/tags?post=6895"}],"curies":[{"name":"wp","href":"https:\/\/api.w.org\/{rel}","templated":true}]}}