
{"id":6768,"date":"2025-10-06T11:04:19","date_gmt":"2025-10-06T09:04:19","guid":{"rendered":"https:\/\/przedszkole56.edu.wroclaw.pl\/?p=6768"},"modified":"2025-10-06T11:05:32","modified_gmt":"2025-10-06T09:05:32","slug":"6768","status":"publish","type":"post","link":"https:\/\/przedszkole56.edu.wroclaw.pl\/index.php\/2025\/10\/06\/6768\/","title":{"rendered":"ZDALNY PSYCHOLOG"},"content":{"rendered":"<div class=\"wpb-content-wrapper\"><p>[vc_row][vc_column][vc_column_text css=&#8221;&#8221;]<\/p>\n<div dir=\"auto\">\u00a0<strong><span class=\"html-span xexx8yu xyri2b x18d9i69 x1c1uobl x1hl2dhg x16tdsg8 x1vvkbs x3nfvp2 x1j61x8r x1fcty0u xdj266r xat24cr xm2jcoa x1mpyi22 xxymvpz xlup9mm x1kky2od\"><img loading=\"lazy\" decoding=\"async\" class=\"xz74otr x15mokao x1ga7v0g x16uus16 xbiv7yw\" src=\"https:\/\/static.xx.fbcdn.net\/images\/emoji.php\/v9\/t4f\/1\/16\/1f447.png\" alt=\"\ud83d\udc47\" width=\"16\" height=\"16\" \/><\/span><\/strong><\/div>\n<div dir=\"auto\"><strong>Szanowni Pa\u0144stwo,<\/strong><\/div>\n<div dir=\"auto\"><strong>z przyjemno\u015bci\u0105 informujemy, \u017ce Niezapominajka bierze udzia\u0142 w pilota\u017cowym programie \u201eZdalny Psycholog\u201d, realizowanym przez Fundacj\u0119 Wsp\u00f3lnie dla Sprawy.<\/strong><\/div>\n<div dir=\"auto\"><strong>Celem projektu jest zapewnienie wsparcia psychologicznego dzieciom oraz ich rodzicom w sytuacjach trudnych, a tak\u017ce zwi\u0119kszenie dost\u0119pno\u015bci pomocy psychologicznej online \u2014 w spos\u00f3b szybki i bezpieczny.<\/strong><\/div>\n<div dir=\"auto\"><strong>W ramach programu oferujemy:<\/strong><\/div>\n<div dir=\"auto\"><strong><span class=\"html-span xexx8yu xyri2b x18d9i69 x1c1uobl x1hl2dhg x16tdsg8 x1vvkbs x3nfvp2 x1j61x8r x1fcty0u xdj266r xat24cr xm2jcoa x1mpyi22 xxymvpz xlup9mm x1kky2od\"><img loading=\"lazy\" decoding=\"async\" class=\"xz74otr x15mokao x1ga7v0g x16uus16 xbiv7yw\" src=\"https:\/\/static.xx.fbcdn.net\/images\/emoji.php\/v9\/t9e\/1\/16\/27a1.png\" alt=\"\u27a1\ufe0f\" width=\"16\" height=\"16\" \/><\/span> dost\u0119p do bajek terapeutycznych odczytywanych online &#8211; pierwsze czytanie 6 pa\u017adziernika 2025 o godzinie 19:00<\/strong><\/div>\n<div dir=\"auto\"><strong><span class=\"html-span xexx8yu xyri2b x18d9i69 x1c1uobl x1hl2dhg x16tdsg8 x1vvkbs x3nfvp2 x1j61x8r x1fcty0u xdj266r xat24cr xm2jcoa x1mpyi22 xxymvpz xlup9mm x1kky2od\"><img loading=\"lazy\" decoding=\"async\" class=\"xz74otr x15mokao x1ga7v0g x16uus16 xbiv7yw\" src=\"https:\/\/static.xx.fbcdn.net\/images\/emoji.php\/v9\/t9e\/1\/16\/27a1.png\" alt=\"\u27a1\ufe0f\" width=\"16\" height=\"16\" \/><\/span> dost\u0119p do bezp\u0142atnych webinar\u00f3w i live-sesji po\u015bwi\u0119conych tematyce zdrowia psychicznego oraz rozwoju dziecka &#8211; rozpoczynaj\u0105ce si\u0119 7 pa\u017adziernika 2025 r. o godzinie 17:00<\/strong><\/div>\n<div dir=\"auto\"><strong><span class=\"html-span xexx8yu xyri2b x18d9i69 x1c1uobl x1hl2dhg x16tdsg8 x1vvkbs x3nfvp2 x1j61x8r x1fcty0u xdj266r xat24cr xm2jcoa x1mpyi22 xxymvpz xlup9mm x1kky2od\"><img loading=\"lazy\" decoding=\"async\" class=\"xz74otr x15mokao x1ga7v0g x16uus16 xbiv7yw\" src=\"https:\/\/static.xx.fbcdn.net\/images\/emoji.php\/v9\/t33\/1\/16\/2705.png\" alt=\"\u2705\ufe0f\" width=\"16\" height=\"16\" \/><\/span> Jak skorzysta\u0107?<\/strong><\/div>\n<div dir=\"auto\"><strong>Na stronie internetowej naszego przedszkola zosta\u0142a umieszczona specjalna wtyczka (widget), kt\u00f3ra umo\u017cliwia:<\/strong><\/div>\n<div dir=\"auto\"><strong><span class=\"html-span xexx8yu xyri2b x18d9i69 x1c1uobl x1hl2dhg x16tdsg8 x1vvkbs x3nfvp2 x1j61x8r x1fcty0u xdj266r xat24cr xm2jcoa x1mpyi22 xxymvpz xlup9mm x1kky2od\"><img loading=\"lazy\" decoding=\"async\" class=\"xz74otr x15mokao x1ga7v0g x16uus16 xbiv7yw\" src=\"https:\/\/static.xx.fbcdn.net\/images\/emoji.php\/v9\/t9e\/1\/16\/27a1.png\" alt=\"\u27a1\ufe0f\" width=\"16\" height=\"16\" \/><\/span> do\u0142\u0105czenie do webinaru lub live-sesji.<\/strong><\/div>\n<div dir=\"auto\"><strong>Udzia\u0142 w programie oraz wszystkie oferowane formy wsparcia s\u0105 bezp\u0142atne dla dzieci i rodzic\u00f3w do ko\u0144ca grudnia 2025 r.<\/strong><\/div>\n<div dir=\"auto\"><strong>W przypadku pyta\u0144 lub potrzeby uzyskania dodatkowych informacji, pozostajemy do Pa\u0144stwa dyspozycji.<\/strong><\/div>\n<div dir=\"auto\"><strong>Zach\u0119camy do korzystania z dost\u0119pnych form wsparcia.<\/strong><\/div>\n<div dir=\"auto\"><\/div>\n<div dir=\"auto\"><\/div>\n<p><a href=\"https:\/\/www.wroclaw.pl\/dla-mieszkanca\/rusza-program-zdalny-psycholog-dla-uczniow-i-rodzicow\">https:\/\/www.wroclaw.pl\/dla-mieszkanca\/rusza-program-zdalny-psycholog-dla-uczniow-i-rodzicow<\/a><\/p>\n<div dir=\"auto\"><\/div>\n<p>[\/vc_column_text][\/vc_column][\/vc_row]<\/p>\n<\/div>","protected":false},"excerpt":{"rendered":"<p>[vc_row][vc_column][vc_column_text css=&#8221;&#8221;] \u00a0 Szanowni Pa\u0144stwo, z przyjemno\u015bci\u0105 informujemy, \u017ce Niezapominajka bierze udzia\u0142 w pilota\u017cowym programie \u201eZdalny Psycholog\u201d, realizowanym przez Fundacj\u0119 Wsp\u00f3lnie dla Sprawy. Celem projektu jest zapewnienie wsparcia psychologicznego dzieciom [&hellip;]<\/p>\n","protected":false},"author":177,"featured_media":6769,"comment_status":"closed","ping_status":"open","sticky":false,"template":"","format":"standard","meta":{"ngg_post_thumbnail":0,"footnotes":""},"categories":[3],"tags":[],"class_list":["post-6768","post","type-post","status-publish","format-standard","has-post-thumbnail","hentry","category-aktualnosci","clearfix"],"_links":{"self":[{"href":"https:\/\/przedszkole56.edu.wroclaw.pl\/index.php\/wp-json\/wp\/v2\/posts\/6768","targetHints":{"allow":["GET"]}}],"collection":[{"href":"https:\/\/przedszkole56.edu.wroclaw.pl\/index.php\/wp-json\/wp\/v2\/posts"}],"about":[{"href":"https:\/\/przedszkole56.edu.wroclaw.pl\/index.php\/wp-json\/wp\/v2\/types\/post"}],"author":[{"embeddable":true,"href":"https:\/\/przedszkole56.edu.wroclaw.pl\/index.php\/wp-json\/wp\/v2\/users\/177"}],"replies":[{"embeddable":true,"href":"https:\/\/przedszkole56.edu.wroclaw.pl\/index.php\/wp-json\/wp\/v2\/comments?post=6768"}],"version-history":[{"count":3,"href":"https:\/\/przedszkole56.edu.wroclaw.pl\/index.php\/wp-json\/wp\/v2\/posts\/6768\/revisions"}],"predecessor-version":[{"id":6772,"href":"https:\/\/przedszkole56.edu.wroclaw.pl\/index.php\/wp-json\/wp\/v2\/posts\/6768\/revisions\/6772"}],"wp:featuredmedia":[{"embeddable":true,"href":"https:\/\/przedszkole56.edu.wroclaw.pl\/index.php\/wp-json\/wp\/v2\/media\/6769"}],"wp:attachment":[{"href":"https:\/\/przedszkole56.edu.wroclaw.pl\/index.php\/wp-json\/wp\/v2\/media?parent=6768"}],"wp:term":[{"taxonomy":"category","embeddable":true,"href":"https:\/\/przedszkole56.edu.wroclaw.pl\/index.php\/wp-json\/wp\/v2\/categories?post=6768"},{"taxonomy":"post_tag","embeddable":true,"href":"https:\/\/przedszkole56.edu.wroclaw.pl\/index.php\/wp-json\/wp\/v2\/tags?post=6768"}],"curies":[{"name":"wp","href":"https:\/\/api.w.org\/{rel}","templated":true}]}}