
{"id":6660,"date":"2025-09-26T07:48:21","date_gmt":"2025-09-26T05:48:21","guid":{"rendered":"https:\/\/przedszkole56.edu.wroclaw.pl\/?p=6660"},"modified":"2025-09-26T17:55:34","modified_gmt":"2025-09-26T15:55:34","slug":"6660","status":"publish","type":"post","link":"https:\/\/przedszkole56.edu.wroclaw.pl\/index.php\/2025\/09\/26\/6660\/","title":{"rendered":"Porozumienie Bez Krzyku"},"content":{"rendered":"<div class=\"wpb-content-wrapper\"><p>[vc_row][vc_column][vc_column_text css=&#8221;&#8221;]<span style=\"font-size: 18pt\"><strong><span style=\"color: #ff0000\">Zmie\u0144 codzienne trudno\u015bci w relacje pe\u0142ne zrozumienia i wsp\u00f3\u0142pracy \u2013 bez krzyku i frustracji<\/span><\/strong><\/span><br \/>\nNasze przedszkole bierze udzia\u0142 w projekcie \u201ePorozumienie Bez Krzyku\u201d.\u00a0 To pilota\u017cowy projekt, kt\u00f3ry wspiera rodzic\u00f3w w codziennym wychowaniu. Przedszkole w\u0142\u0105czaj\u0105c si\u0119 do projektu, chce:<br \/>\n\ud83d\udd39 wesprze\u0107 dzieci w lepszym rozumieniu i wyra\u017caniu emocji,<br \/>\n\ud83d\udd39 da\u0107 rodzicom konkretne narz\u0119dzia, kt\u00f3re pomagaj\u0105 w codziennym wychowaniu,<br \/>\n\ud83d\udd39 odci\u0105\u017cy\u0107 nauczycieli w trudnych emocjonalnie sytuacjach,<br \/>\n\ud83d\udd39 budowa\u0107 spok\u00f3j i zaufanie w relacjach mi\u0119dzy plac\u00f3wk\u0105 a rodzinami<\/p>\n<p style=\"margin: 0cm;line-height: 30.0pt\"><span style=\"font-size: 18.0pt;font-family: Montserrat\">Rodzicu, odkryj\u00a0<\/span>sprawdzone i \u0142atwe do wdro\u017cenia metody, kt\u00f3re pomog\u0105 Ci rozwi\u0105za\u0107 codzienne trudno\u015bci wychowawcze. Twoje\u00a0dziecko zacznie Ci\u0119 s\u0142ucha\u0107 i wsp\u00f3\u0142pracowa\u0107, a Ty odzyskasz spok\u00f3j, buduj\u0105c trwa\u0142e, pe\u0142ne zaufania\u00a0relacje, kt\u00f3re przetrwaj\u0105 ca\u0142e \u017cycie.<\/p>\n<p style=\"margin: 0cm;line-height: 30.0pt\"><strong><span style=\"font-size: 18.0pt;font-family: Montserrat\">Poznaj narz\u0119dzia do radzenia sobie z codziennymi wyzwaniami \u2013\u00a0<\/span>wszystko to bez napi\u0119\u0107 i stresu.<\/strong><\/p>\n<h2 style=\"margin: 0cm;line-height: 26.25pt\"><strong><span style=\"font-size: 15.0pt;font-family: Montserrat\">Przekonaj si\u0119, \u2026 \u017ce ju\u017c po kilku dniach Twoje dziecko zacznie Ci\u0119 s\u0142ucha\u0107 i wsp\u00f3\u0142pracowa\u0107, zyskuj\u0105c pewno\u015b\u0107 siebie i umiej\u0119tno\u015b\u0107 radzenia sobie w ka\u017cdej sytuacji.<\/span><\/strong><\/h2>\n<h2><strong><span style=\"font-size: 14pt\"><a href=\"https:\/\/strefa.porozumieniebezkrzyku.pl\/aktywacja\/kod\/PKDDS6\">https:\/\/strefa.porozumieniebezkrzyku.pl\/aktywacja\/kod\/PKDDS6<\/a><\/span><\/strong><\/h2>\n<h2><strong><span style=\"font-size: 18pt\"><a href=\"https:\/\/www.porozumieniebezkrzyku.pl\/\">https:\/\/www.porozumieniebezkrzyku.pl\/\u00a0<\/a><\/span><\/strong><\/h2>\n<p>[\/vc_column_text][\/vc_column][\/vc_row]<\/p>\n<\/div>","protected":false},"excerpt":{"rendered":"<p>[vc_row][vc_column][vc_column_text css=&#8221;&#8221;]Zmie\u0144 codzienne trudno\u015bci w relacje pe\u0142ne zrozumienia i wsp\u00f3\u0142pracy \u2013 bez krzyku i frustracji Nasze przedszkole bierze udzia\u0142 w projekcie \u201ePorozumienie Bez Krzyku\u201d.\u00a0 To pilota\u017cowy projekt, kt\u00f3ry wspiera rodzic\u00f3w [&hellip;]<\/p>\n","protected":false},"author":177,"featured_media":6661,"comment_status":"closed","ping_status":"open","sticky":false,"template":"","format":"standard","meta":{"ngg_post_thumbnail":0,"footnotes":""},"categories":[3],"tags":[],"class_list":["post-6660","post","type-post","status-publish","format-standard","has-post-thumbnail","hentry","category-aktualnosci","clearfix"],"_links":{"self":[{"href":"https:\/\/przedszkole56.edu.wroclaw.pl\/index.php\/wp-json\/wp\/v2\/posts\/6660","targetHints":{"allow":["GET"]}}],"collection":[{"href":"https:\/\/przedszkole56.edu.wroclaw.pl\/index.php\/wp-json\/wp\/v2\/posts"}],"about":[{"href":"https:\/\/przedszkole56.edu.wroclaw.pl\/index.php\/wp-json\/wp\/v2\/types\/post"}],"author":[{"embeddable":true,"href":"https:\/\/przedszkole56.edu.wroclaw.pl\/index.php\/wp-json\/wp\/v2\/users\/177"}],"replies":[{"embeddable":true,"href":"https:\/\/przedszkole56.edu.wroclaw.pl\/index.php\/wp-json\/wp\/v2\/comments?post=6660"}],"version-history":[{"count":8,"href":"https:\/\/przedszkole56.edu.wroclaw.pl\/index.php\/wp-json\/wp\/v2\/posts\/6660\/revisions"}],"predecessor-version":[{"id":6731,"href":"https:\/\/przedszkole56.edu.wroclaw.pl\/index.php\/wp-json\/wp\/v2\/posts\/6660\/revisions\/6731"}],"wp:featuredmedia":[{"embeddable":true,"href":"https:\/\/przedszkole56.edu.wroclaw.pl\/index.php\/wp-json\/wp\/v2\/media\/6661"}],"wp:attachment":[{"href":"https:\/\/przedszkole56.edu.wroclaw.pl\/index.php\/wp-json\/wp\/v2\/media?parent=6660"}],"wp:term":[{"taxonomy":"category","embeddable":true,"href":"https:\/\/przedszkole56.edu.wroclaw.pl\/index.php\/wp-json\/wp\/v2\/categories?post=6660"},{"taxonomy":"post_tag","embeddable":true,"href":"https:\/\/przedszkole56.edu.wroclaw.pl\/index.php\/wp-json\/wp\/v2\/tags?post=6660"}],"curies":[{"name":"wp","href":"https:\/\/api.w.org\/{rel}","templated":true}]}}