
{"id":6615,"date":"2025-09-15T19:59:29","date_gmt":"2025-09-15T17:59:29","guid":{"rendered":"https:\/\/przedszkole56.edu.wroclaw.pl\/?p=6615"},"modified":"2025-09-15T19:59:29","modified_gmt":"2025-09-15T17:59:29","slug":"6615","status":"publish","type":"post","link":"https:\/\/przedszkole56.edu.wroclaw.pl\/index.php\/2025\/09\/15\/6615\/","title":{"rendered":""},"content":{"rendered":"<div class=\"wpb-content-wrapper\"><p>[vc_row][vc_column][vc_column_text css=&#8221;&#8221;]<\/p>\n<h2 dir=\"auto\"><strong><span style=\"font-size: 14pt\">Serdecznie zapraszamy rodzic\u00f3w wybranych do &#8222;tr\u00f3jek&#8221; grupowych. Podczas spotkania om\u00f3wione zostan\u0105 najwa\u017cniejsze kwestie organizacyjne oraz plan dzia\u0142a\u0144 na najbli\u017cszy rok szkolny.\u00a0<\/span><\/strong><\/h2>\n<h2 dir=\"auto\"><strong><span style=\"font-size: 14pt\">Z uwagi na poruszane tematy obecno\u015b\u0107 przedstawicieli z ka\u017cdej grupy jest dla nas bardzo wa\u017cna. Zapraszamy \ud83d\ude42<\/span><\/strong><\/h2>\n<p>[\/vc_column_text][\/vc_column][\/vc_row]<\/p>\n<\/div>","protected":false},"excerpt":{"rendered":"<p>[vc_row][vc_column][vc_column_text css=&#8221;&#8221;] Serdecznie zapraszamy rodzic\u00f3w wybranych do &#8222;tr\u00f3jek&#8221; grupowych. Podczas spotkania om\u00f3wione zostan\u0105 najwa\u017cniejsze kwestie organizacyjne oraz plan dzia\u0142a\u0144 na najbli\u017cszy rok szkolny.\u00a0 Z uwagi na poruszane tematy obecno\u015b\u0107 przedstawicieli [&hellip;]<\/p>\n","protected":false},"author":177,"featured_media":6616,"comment_status":"closed","ping_status":"open","sticky":false,"template":"","format":"standard","meta":{"ngg_post_thumbnail":0,"footnotes":""},"categories":[3],"tags":[],"class_list":["post-6615","post","type-post","status-publish","format-standard","has-post-thumbnail","hentry","category-aktualnosci","clearfix"],"_links":{"self":[{"href":"https:\/\/przedszkole56.edu.wroclaw.pl\/index.php\/wp-json\/wp\/v2\/posts\/6615","targetHints":{"allow":["GET"]}}],"collection":[{"href":"https:\/\/przedszkole56.edu.wroclaw.pl\/index.php\/wp-json\/wp\/v2\/posts"}],"about":[{"href":"https:\/\/przedszkole56.edu.wroclaw.pl\/index.php\/wp-json\/wp\/v2\/types\/post"}],"author":[{"embeddable":true,"href":"https:\/\/przedszkole56.edu.wroclaw.pl\/index.php\/wp-json\/wp\/v2\/users\/177"}],"replies":[{"embeddable":true,"href":"https:\/\/przedszkole56.edu.wroclaw.pl\/index.php\/wp-json\/wp\/v2\/comments?post=6615"}],"version-history":[{"count":1,"href":"https:\/\/przedszkole56.edu.wroclaw.pl\/index.php\/wp-json\/wp\/v2\/posts\/6615\/revisions"}],"predecessor-version":[{"id":6617,"href":"https:\/\/przedszkole56.edu.wroclaw.pl\/index.php\/wp-json\/wp\/v2\/posts\/6615\/revisions\/6617"}],"wp:featuredmedia":[{"embeddable":true,"href":"https:\/\/przedszkole56.edu.wroclaw.pl\/index.php\/wp-json\/wp\/v2\/media\/6616"}],"wp:attachment":[{"href":"https:\/\/przedszkole56.edu.wroclaw.pl\/index.php\/wp-json\/wp\/v2\/media?parent=6615"}],"wp:term":[{"taxonomy":"category","embeddable":true,"href":"https:\/\/przedszkole56.edu.wroclaw.pl\/index.php\/wp-json\/wp\/v2\/categories?post=6615"},{"taxonomy":"post_tag","embeddable":true,"href":"https:\/\/przedszkole56.edu.wroclaw.pl\/index.php\/wp-json\/wp\/v2\/tags?post=6615"}],"curies":[{"name":"wp","href":"https:\/\/api.w.org\/{rel}","templated":true}]}}