
{"id":6537,"date":"2025-07-24T08:04:52","date_gmt":"2025-07-24T06:04:52","guid":{"rendered":"https:\/\/przedszkole56.edu.wroclaw.pl\/?p=6537"},"modified":"2025-07-24T08:08:45","modified_gmt":"2025-07-24T06:08:45","slug":"6537","status":"publish","type":"post","link":"https:\/\/przedszkole56.edu.wroclaw.pl\/index.php\/2025\/07\/24\/6537\/","title":{"rendered":"Uwaga, Rodzice dzieci nowoprzyj\u0119tych do grup: Pszcz\u00f3\u0142ki, Mr\u00f3wki, Zaj\u0105czki, \u017buczki i Paj\u0105czki!"},"content":{"rendered":"<div class=\"wpb-content-wrapper\"><p>[vc_row][vc_column][vc_column_text css=&#8221;&#8221;]<\/p>\n<h2 dir=\"auto\"><span style=\"font-size: 18.6667px\">\u00a0<\/span><span style=\"font-size: 14pt\"><strong><em>Serdecznie zapraszamy dzieci wraz z rodzicem\/opiekunem na spotkania integracyjne, kt\u00f3re odb\u0119d\u0105 si\u0119 w salach poszczeg\u00f3lnych grup<\/em><\/strong><\/span><\/h2>\n<h2 dir=\"auto\" style=\"text-align: center\"><span style=\"font-size: 14pt\"><strong><em>w dniach 28 i 29 sierpnia 2025 r. w godzinach 11:00\u201313:00.<\/em><\/strong><\/span><\/h2>\n<div dir=\"auto\"><\/div>\n<h2 dir=\"auto\"><span style=\"font-size: 14pt\">B\u0119dzie to doskona\u0142a okazja do sp\u0119dzenia czasu w przyjaznej, przedszkolnej atmosferze. Obejrzenia sali i zapoznania si\u0119 z nowym otoczeniem. Poznania nauczycielek grup oraz rozmowy z nimi. Celem spotkania jest u\u0142atwienie dzieciom startu przedszkolnego, <\/span><span style=\"font-size: 14pt\">aby 1 wrze\u015bnia z rado\u015bci\u0105 i spokojem przekroczy\u0142y pr\u00f3g swojej sali.<\/span><\/h2>\n<h2 dir=\"auto\"><span style=\"font-size: 14pt\">Do zobaczenia!<\/span><\/h2>\n<p>[\/vc_column_text][\/vc_column][\/vc_row]<\/p>\n<\/div>","protected":false},"excerpt":{"rendered":"<p>[vc_row][vc_column][vc_column_text css=&#8221;&#8221;] \u00a0Serdecznie zapraszamy dzieci wraz z rodzicem\/opiekunem na spotkania integracyjne, kt\u00f3re odb\u0119d\u0105 si\u0119 w salach poszczeg\u00f3lnych grup w dniach 28 i 29 sierpnia 2025 r. w godzinach 11:00\u201313:00. B\u0119dzie [&hellip;]<\/p>\n","protected":false},"author":177,"featured_media":6535,"comment_status":"closed","ping_status":"open","sticky":false,"template":"","format":"standard","meta":{"ngg_post_thumbnail":0,"footnotes":""},"categories":[3],"tags":[],"class_list":["post-6537","post","type-post","status-publish","format-standard","has-post-thumbnail","hentry","category-aktualnosci","clearfix"],"_links":{"self":[{"href":"https:\/\/przedszkole56.edu.wroclaw.pl\/index.php\/wp-json\/wp\/v2\/posts\/6537","targetHints":{"allow":["GET"]}}],"collection":[{"href":"https:\/\/przedszkole56.edu.wroclaw.pl\/index.php\/wp-json\/wp\/v2\/posts"}],"about":[{"href":"https:\/\/przedszkole56.edu.wroclaw.pl\/index.php\/wp-json\/wp\/v2\/types\/post"}],"author":[{"embeddable":true,"href":"https:\/\/przedszkole56.edu.wroclaw.pl\/index.php\/wp-json\/wp\/v2\/users\/177"}],"replies":[{"embeddable":true,"href":"https:\/\/przedszkole56.edu.wroclaw.pl\/index.php\/wp-json\/wp\/v2\/comments?post=6537"}],"version-history":[{"count":2,"href":"https:\/\/przedszkole56.edu.wroclaw.pl\/index.php\/wp-json\/wp\/v2\/posts\/6537\/revisions"}],"predecessor-version":[{"id":6539,"href":"https:\/\/przedszkole56.edu.wroclaw.pl\/index.php\/wp-json\/wp\/v2\/posts\/6537\/revisions\/6539"}],"wp:featuredmedia":[{"embeddable":true,"href":"https:\/\/przedszkole56.edu.wroclaw.pl\/index.php\/wp-json\/wp\/v2\/media\/6535"}],"wp:attachment":[{"href":"https:\/\/przedszkole56.edu.wroclaw.pl\/index.php\/wp-json\/wp\/v2\/media?parent=6537"}],"wp:term":[{"taxonomy":"category","embeddable":true,"href":"https:\/\/przedszkole56.edu.wroclaw.pl\/index.php\/wp-json\/wp\/v2\/categories?post=6537"},{"taxonomy":"post_tag","embeddable":true,"href":"https:\/\/przedszkole56.edu.wroclaw.pl\/index.php\/wp-json\/wp\/v2\/tags?post=6537"}],"curies":[{"name":"wp","href":"https:\/\/api.w.org\/{rel}","templated":true}]}}