
{"id":6442,"date":"2025-05-15T12:26:50","date_gmt":"2025-05-15T10:26:50","guid":{"rendered":"https:\/\/przedszkole56.edu.wroclaw.pl\/?p=6442"},"modified":"2025-05-15T14:01:52","modified_gmt":"2025-05-15T12:01:52","slug":"6442","status":"publish","type":"post","link":"https:\/\/przedszkole56.edu.wroclaw.pl\/index.php\/2025\/05\/15\/6442\/","title":{"rendered":""},"content":{"rendered":"<div class=\"wpb-content-wrapper\"><p>[vc_row][vc_column][vc_column_text css=&#8221;&#8221;]<\/p>\n<h2><span class=\"html-span xexx8yu x4uap5 x18d9i69 xkhd6sd x1hl2dhg x16tdsg8 x1vvkbs x3nfvp2 x1j61x8r x1fcty0u xdj266r xat24cr xgzva0m xhhsvwb xxymvpz xlup9mm x1kky2od\"><img loading=\"lazy\" decoding=\"async\" class=\"xz74otr x168nmei x13lgxp2 x5pf9jr xo71vjh\" src=\"https:\/\/static.xx.fbcdn.net\/images\/emoji.php\/v9\/tf0\/1\/16\/1f338.png\" alt=\"\ud83c\udf38\" width=\"16\" height=\"16\" \/><\/span><strong><span style=\"font-size: 18pt\"> \u015awi\u0119to Niezapominajki <span class=\"html-span xexx8yu x4uap5 x18d9i69 xkhd6sd x1hl2dhg x16tdsg8 x1vvkbs x3nfvp2 x1j61x8r x1fcty0u xdj266r xat24cr xgzva0m xhhsvwb xxymvpz xlup9mm x1kky2od\"><img loading=\"lazy\" decoding=\"async\" class=\"xz74otr x168nmei x13lgxp2 x5pf9jr xo71vjh\" src=\"https:\/\/static.xx.fbcdn.net\/images\/emoji.php\/v9\/tf0\/1\/16\/1f338.png\" alt=\"\ud83c\udf38\" width=\"16\" height=\"16\" \/><\/span><\/span><\/strong><\/h2>\n<p><strong>\u015awi\u0119to Niezapominajki<\/strong>\u00a0\u2013 \u015bwi\u0119to ma\u0142ego niebieskiego kwiatka, kt\u00f3ry przypomina nam, \u017ceby\u00a0<strong>nie zapomina\u0107 o dobrych rzeczach<\/strong>: o u\u015bmiechu, o przyja\u017ani, o pomocy innym i o tym, \u017ceby dba\u0107 o nasz\u0105 przyrod\u0119.<\/p>\n<p>Ale to nie wszystko!<\/p>\n<p>Dzi\u015b NASZE PRZEDSZKOLE ma te\u017c swoje \u015bwi\u0119to.\u00a0 <strong>\u201eNiezapominajka\u201d-\u00a0 <\/strong>imi\u0119 jest dla nas bardzo wa\u017cne.<\/p>\n<p>Wiecie dlaczego?\u00a0 Bo chcemy, \u017ceby ka\u017cdy, kto chodzi\u0142, chodzi i b\u0119dzie chodzi\u0107 do naszego przedszkola,\u00a0<strong>nigdy nie zapomnia\u0142, jak tu by\u0142o dobrze, rado\u015bnie i przyja\u017anie<\/strong>. Tak jak niezapominajka \u2013 ma\u0142y kwiatuszek, kt\u00f3ry chocia\u017c jest drobny, to niesie wielkie przes\u0142anie \u2013 pami\u0119taj o tym, co wa\u017cne i dobre!<\/p>\n<p>Nasze przedszkole to miejsce, w kt\u00f3rym\u00a0<strong>uczycie si\u0119 z u\u015bmiechem, bawicie z rado\u015bci\u0105 i ro\u015bniecie w przyja\u017ani<\/strong>. To miejsce, kt\u00f3re chcecie zapami\u0119ta\u0107 \u2013 a my, doro\u015bli, chcemy, \u017ceby to by\u0142y wspomnienia pi\u0119kne i kolorowe jak kwiaty niezapominajki.<\/p>\n<p><span style=\"font-size: 14pt\"><strong>Dlatego \u017cyczymy dzi\u015b Naszej \u201eNiezapominajce\u201d wszystkiego najlepszego!<\/strong><\/span><br \/>\n<span style=\"font-size: 14pt\"><strong>A Wam, drogie dzieci, \u017cyczymy, \u017ceby\u015bcie nigdy nie zapomnieli, jak wspaniale jest by\u0107 razem!<\/strong><\/span>[\/vc_column_text][\/vc_column][\/vc_row]<\/p>\n<\/div>","protected":false},"excerpt":{"rendered":"<p>[vc_row][vc_column][vc_column_text css=&#8221;&#8221;] \u015awi\u0119to Niezapominajki \u015awi\u0119to Niezapominajki\u00a0\u2013 \u015bwi\u0119to ma\u0142ego niebieskiego kwiatka, kt\u00f3ry przypomina nam, \u017ceby\u00a0nie zapomina\u0107 o dobrych rzeczach: o u\u015bmiechu, o przyja\u017ani, o pomocy innym i o tym, \u017ceby dba\u0107 [&hellip;]<\/p>\n","protected":false},"author":177,"featured_media":6443,"comment_status":"closed","ping_status":"open","sticky":false,"template":"","format":"standard","meta":{"ngg_post_thumbnail":0,"footnotes":""},"categories":[3],"tags":[],"class_list":["post-6442","post","type-post","status-publish","format-standard","has-post-thumbnail","hentry","category-aktualnosci","clearfix"],"_links":{"self":[{"href":"https:\/\/przedszkole56.edu.wroclaw.pl\/index.php\/wp-json\/wp\/v2\/posts\/6442","targetHints":{"allow":["GET"]}}],"collection":[{"href":"https:\/\/przedszkole56.edu.wroclaw.pl\/index.php\/wp-json\/wp\/v2\/posts"}],"about":[{"href":"https:\/\/przedszkole56.edu.wroclaw.pl\/index.php\/wp-json\/wp\/v2\/types\/post"}],"author":[{"embeddable":true,"href":"https:\/\/przedszkole56.edu.wroclaw.pl\/index.php\/wp-json\/wp\/v2\/users\/177"}],"replies":[{"embeddable":true,"href":"https:\/\/przedszkole56.edu.wroclaw.pl\/index.php\/wp-json\/wp\/v2\/comments?post=6442"}],"version-history":[{"count":4,"href":"https:\/\/przedszkole56.edu.wroclaw.pl\/index.php\/wp-json\/wp\/v2\/posts\/6442\/revisions"}],"predecessor-version":[{"id":6447,"href":"https:\/\/przedszkole56.edu.wroclaw.pl\/index.php\/wp-json\/wp\/v2\/posts\/6442\/revisions\/6447"}],"wp:featuredmedia":[{"embeddable":true,"href":"https:\/\/przedszkole56.edu.wroclaw.pl\/index.php\/wp-json\/wp\/v2\/media\/6443"}],"wp:attachment":[{"href":"https:\/\/przedszkole56.edu.wroclaw.pl\/index.php\/wp-json\/wp\/v2\/media?parent=6442"}],"wp:term":[{"taxonomy":"category","embeddable":true,"href":"https:\/\/przedszkole56.edu.wroclaw.pl\/index.php\/wp-json\/wp\/v2\/categories?post=6442"},{"taxonomy":"post_tag","embeddable":true,"href":"https:\/\/przedszkole56.edu.wroclaw.pl\/index.php\/wp-json\/wp\/v2\/tags?post=6442"}],"curies":[{"name":"wp","href":"https:\/\/api.w.org\/{rel}","templated":true}]}}