
{"id":6431,"date":"2025-05-09T08:23:31","date_gmt":"2025-05-09T06:23:31","guid":{"rendered":"https:\/\/przedszkole56.edu.wroclaw.pl\/?p=6431"},"modified":"2025-05-09T08:24:19","modified_gmt":"2025-05-09T06:24:19","slug":"6431","status":"publish","type":"post","link":"https:\/\/przedszkole56.edu.wroclaw.pl\/index.php\/2025\/05\/09\/6431\/","title":{"rendered":""},"content":{"rendered":"<div class=\"wpb-content-wrapper\"><p>[vc_row][vc_column][vc_column_text css=&#8221;&#8221;]<\/p>\n<h1 dir=\"auto\"><em><strong><span style=\"font-size: 14pt\">Dzisiaj Niezapominajka wzi\u0119\u0142a udzia\u0142 w wydarzeniu \u201eSenbazuru \u2013 80 000 \u017curawi dla Pokoju\u201d, zorganizowanym z okazji 80-tej rocznicy zako\u0144czenia II wojny \u015bwiatowej. <\/span><\/strong><\/em><\/h1>\n<h2 dir=\"auto\"><strong><span style=\"font-size: 14pt\">Grup\u0119 Mr\u00f3wek, reprezentuj\u0105c\u0105 przedszkole, mo\u017cna by\u0142o zobaczy\u0107 na Placu Wolno\u015bci, gdzie dzieci z zaanga\u017cowaniem uk\u0142ada\u0142y papierowe \u017curawie \u2013 symbol pokoju i nadziei. Przy wsparciu rodzic\u00f3w i ca\u0142ej kadry uda\u0142o nam si\u0119 z\u0142o\u017cy\u0107 1080 \u017curawi!<\/span><\/strong><\/h2>\n<h2 dir=\"auto\"><\/h2>\n<h2 dir=\"auto\"><strong><span style=\"font-size: 14pt\">Przedszkolaki uczestniczy\u0142y r\u00f3wnie\u017c w atrakcjach przygotowanych w ramach wydarzenia, kt\u00f3re dostarczy\u0142y im wielu pozytywnych emocji.<\/span><\/strong><\/h2>\n<h2 dir=\"auto\"><strong><span style=\"font-size: 14pt\">Senbazuru to tradycyjna japo\u0144ska praktyka sk\u0142adania tysi\u0105ca papierowych \u017curawi jako wyraz marze\u0144, wytrwa\u0142o\u015bci i d\u0105\u017cenia do pokoju na \u015bwiecie.<\/span><\/strong><\/h2>\n<p>[\/vc_column_text][\/vc_column][\/vc_row]<\/p>\n<\/div>","protected":false},"excerpt":{"rendered":"<p>[vc_row][vc_column][vc_column_text css=&#8221;&#8221;] Dzisiaj Niezapominajka wzi\u0119\u0142a udzia\u0142 w wydarzeniu \u201eSenbazuru \u2013 80 000 \u017curawi dla Pokoju\u201d, zorganizowanym z okazji 80-tej rocznicy zako\u0144czenia II wojny \u015bwiatowej. Grup\u0119 Mr\u00f3wek, reprezentuj\u0105c\u0105 przedszkole, mo\u017cna by\u0142o [&hellip;]<\/p>\n","protected":false},"author":177,"featured_media":6432,"comment_status":"closed","ping_status":"open","sticky":false,"template":"","format":"standard","meta":{"ngg_post_thumbnail":0,"footnotes":""},"categories":[3],"tags":[],"class_list":["post-6431","post","type-post","status-publish","format-standard","has-post-thumbnail","hentry","category-aktualnosci","clearfix"],"_links":{"self":[{"href":"https:\/\/przedszkole56.edu.wroclaw.pl\/index.php\/wp-json\/wp\/v2\/posts\/6431","targetHints":{"allow":["GET"]}}],"collection":[{"href":"https:\/\/przedszkole56.edu.wroclaw.pl\/index.php\/wp-json\/wp\/v2\/posts"}],"about":[{"href":"https:\/\/przedszkole56.edu.wroclaw.pl\/index.php\/wp-json\/wp\/v2\/types\/post"}],"author":[{"embeddable":true,"href":"https:\/\/przedszkole56.edu.wroclaw.pl\/index.php\/wp-json\/wp\/v2\/users\/177"}],"replies":[{"embeddable":true,"href":"https:\/\/przedszkole56.edu.wroclaw.pl\/index.php\/wp-json\/wp\/v2\/comments?post=6431"}],"version-history":[{"count":2,"href":"https:\/\/przedszkole56.edu.wroclaw.pl\/index.php\/wp-json\/wp\/v2\/posts\/6431\/revisions"}],"predecessor-version":[{"id":6434,"href":"https:\/\/przedszkole56.edu.wroclaw.pl\/index.php\/wp-json\/wp\/v2\/posts\/6431\/revisions\/6434"}],"wp:featuredmedia":[{"embeddable":true,"href":"https:\/\/przedszkole56.edu.wroclaw.pl\/index.php\/wp-json\/wp\/v2\/media\/6432"}],"wp:attachment":[{"href":"https:\/\/przedszkole56.edu.wroclaw.pl\/index.php\/wp-json\/wp\/v2\/media?parent=6431"}],"wp:term":[{"taxonomy":"category","embeddable":true,"href":"https:\/\/przedszkole56.edu.wroclaw.pl\/index.php\/wp-json\/wp\/v2\/categories?post=6431"},{"taxonomy":"post_tag","embeddable":true,"href":"https:\/\/przedszkole56.edu.wroclaw.pl\/index.php\/wp-json\/wp\/v2\/tags?post=6431"}],"curies":[{"name":"wp","href":"https:\/\/api.w.org\/{rel}","templated":true}]}}