
{"id":6298,"date":"2025-03-18T10:06:41","date_gmt":"2025-03-18T09:06:41","guid":{"rendered":"https:\/\/przedszkole56.edu.wroclaw.pl\/?p=6298"},"modified":"2025-03-18T10:06:41","modified_gmt":"2025-03-18T09:06:41","slug":"6298","status":"publish","type":"post","link":"https:\/\/przedszkole56.edu.wroclaw.pl\/index.php\/2025\/03\/18\/6298\/","title":{"rendered":""},"content":{"rendered":"<p><span style=\"font-size: 14pt\">Pierwszy dzie\u0144 wiosny to r\u00f3wnie\u017c <strong>\u015awiatowy Dzie\u0144 Zespo\u0142u Downa.\u00a0<\/strong><\/span><\/p>\n<p><span style=\"font-size: 14pt\">Ludzie na ca\u0142ym \u015bwiecie okazuj\u0105 poparcie dla akcji, zak\u0142adaj\u0105c <strong>kolorowe niepasuj\u0105ce do siebie skarpetki. <\/strong><\/span><\/p>\n<p><em><strong><span style=\"font-size: 14pt\">Pami\u0119taj, aby w tym dniu za\u0142o\u017cy\u0107 dwie r\u00f3\u017cne skarpetki\u00a0 w weso\u0142ych kolorach.\u00a0<\/span><\/strong><\/em><\/p>\n","protected":false},"excerpt":{"rendered":"<p>Pierwszy dzie\u0144 wiosny to r\u00f3wnie\u017c \u015awiatowy Dzie\u0144 Zespo\u0142u Downa.\u00a0 Ludzie na ca\u0142ym \u015bwiecie okazuj\u0105 poparcie dla akcji, zak\u0142adaj\u0105c kolorowe niepasuj\u0105ce do siebie skarpetki. Pami\u0119taj, aby w tym dniu za\u0142o\u017cy\u0107 dwie [&hellip;]<\/p>\n","protected":false},"author":177,"featured_media":6299,"comment_status":"closed","ping_status":"open","sticky":false,"template":"","format":"standard","meta":{"ngg_post_thumbnail":0,"footnotes":""},"categories":[3],"tags":[],"class_list":["post-6298","post","type-post","status-publish","format-standard","has-post-thumbnail","hentry","category-aktualnosci","clearfix"],"_links":{"self":[{"href":"https:\/\/przedszkole56.edu.wroclaw.pl\/index.php\/wp-json\/wp\/v2\/posts\/6298","targetHints":{"allow":["GET"]}}],"collection":[{"href":"https:\/\/przedszkole56.edu.wroclaw.pl\/index.php\/wp-json\/wp\/v2\/posts"}],"about":[{"href":"https:\/\/przedszkole56.edu.wroclaw.pl\/index.php\/wp-json\/wp\/v2\/types\/post"}],"author":[{"embeddable":true,"href":"https:\/\/przedszkole56.edu.wroclaw.pl\/index.php\/wp-json\/wp\/v2\/users\/177"}],"replies":[{"embeddable":true,"href":"https:\/\/przedszkole56.edu.wroclaw.pl\/index.php\/wp-json\/wp\/v2\/comments?post=6298"}],"version-history":[{"count":1,"href":"https:\/\/przedszkole56.edu.wroclaw.pl\/index.php\/wp-json\/wp\/v2\/posts\/6298\/revisions"}],"predecessor-version":[{"id":6300,"href":"https:\/\/przedszkole56.edu.wroclaw.pl\/index.php\/wp-json\/wp\/v2\/posts\/6298\/revisions\/6300"}],"wp:featuredmedia":[{"embeddable":true,"href":"https:\/\/przedszkole56.edu.wroclaw.pl\/index.php\/wp-json\/wp\/v2\/media\/6299"}],"wp:attachment":[{"href":"https:\/\/przedszkole56.edu.wroclaw.pl\/index.php\/wp-json\/wp\/v2\/media?parent=6298"}],"wp:term":[{"taxonomy":"category","embeddable":true,"href":"https:\/\/przedszkole56.edu.wroclaw.pl\/index.php\/wp-json\/wp\/v2\/categories?post=6298"},{"taxonomy":"post_tag","embeddable":true,"href":"https:\/\/przedszkole56.edu.wroclaw.pl\/index.php\/wp-json\/wp\/v2\/tags?post=6298"}],"curies":[{"name":"wp","href":"https:\/\/api.w.org\/{rel}","templated":true}]}}