
{"id":6223,"date":"2025-02-18T12:14:49","date_gmt":"2025-02-18T11:14:49","guid":{"rendered":"https:\/\/przedszkole56.edu.wroclaw.pl\/?p=6223"},"modified":"2025-02-18T12:20:56","modified_gmt":"2025-02-18T11:20:56","slug":"mala-niezapominajka","status":"publish","type":"post","link":"https:\/\/przedszkole56.edu.wroclaw.pl\/index.php\/2025\/02\/18\/mala-niezapominajka\/","title":{"rendered":"Ma\u0142a Niezapominajka"},"content":{"rendered":"<div dir=\"auto\"><a class=\"x1i10hfl xjbqb8w x1ejq31n xd10rxx x1sy0etr x17r0tee x972fbf xcfux6l x1qhh985 xm0m39n x9f619 x1ypdohk xt0psk2 xe8uvvx xdj266r x11i5rnm xat24cr x1mh8g0r xexx8yu x4uap5 x18d9i69 xkhd6sd x16tdsg8 x1hl2dhg xggy1nq x1a2a7pz x1sur9pj xkrqix3 xzsf02u x1s688f\" role=\"link\" href=\"https:\/\/www.facebook.com\/biuroprasoweUMW?__cft__[0]=AZWkYYBAfq2XpUa65J4e_p1MHyNntT2w4sDDV6GZCHzhgjJsFcPTksyV0GvjvMa_EBqfpZlHmcA4cae8DtDMFFHAZGHXwtEkXY3WUjJOfVBcZEKtpiWSJCdLOPAbUyPbr_3hoFCy050tqRXI10D3nwGAw8p0r_bI6VrOFflbjItTtvGX_Ei6_0YAh7BTVaUOGcSrswImKXtXtjNLnpx0DcTSBLUJzWGhsrLN2K3-M7PEEg&amp;__tn__=-UC%2CP-y-R\" aria-describedby=\":r20p:\"><strong class=\"html-strong xdj266r x11i5rnm xat24cr x1mh8g0r xexx8yu x4uap5 x18d9i69 xkhd6sd x1hl2dhg x16tdsg8 x1vvkbs x1s688f\"><span class=\"html-span xdj266r x11i5rnm xat24cr x1mh8g0r xexx8yu x4uap5 x18d9i69 xkhd6sd x1hl2dhg x16tdsg8 x1vvkbs\">Biuro Prasowe Urz\u0119du Miejskiego Wroc\u0142awia<\/span><\/strong><\/a> &#8211;\u00a0 W przedszkolu \u201eNiezapominajka\u201d b\u0119dzie nowe boisko i nowy plac zabaw. O takie zmiany wnioskowa\u0142y przedszkolaki w ramach Przedszkolnej Rady Dzieci.<\/div>\n<div dir=\"auto\"><span class=\"html-span xexx8yu x4uap5 x18d9i69 xkhd6sd x1hl2dhg x16tdsg8 x1vvkbs x3nfvp2 x1j61x8r x1fcty0u xdj266r xat24cr xgzva0m xhhsvwb xxymvpz xlup9mm x1kky2od\"><img loading=\"lazy\" decoding=\"async\" class=\"xz74otr\" src=\"https:\/\/static.xx.fbcdn.net\/images\/emoji.php\/v9\/t37\/1\/16\/2709.png\" alt=\"\u2709\ufe0f\" width=\"16\" height=\"16\" \/><\/span> By\u0142 list w tej sprawie do prezydenta Wroc\u0142awia. Inspektorzy Zarz\u0105dy Inwestycji Miejskich przeprowadzili wizj\u0119 lokaln\u0105 i remont faktycznie jest uzasadniony. Teraz czas na realizacj\u0119 inwestycji.<\/div>\n<div dir=\"auto\"><span class=\"html-span xexx8yu x4uap5 x18d9i69 xkhd6sd x1hl2dhg x16tdsg8 x1vvkbs x3nfvp2 x1j61x8r x1fcty0u xdj266r xat24cr xgzva0m xhhsvwb xxymvpz xlup9mm x1kky2od\"><img loading=\"lazy\" decoding=\"async\" class=\"xz74otr\" src=\"https:\/\/static.xx.fbcdn.net\/images\/emoji.php\/v9\/t7c\/1\/16\/1f4c3.png\" alt=\"\ud83d\udcc3\" width=\"16\" height=\"16\" \/><\/span> Miasto og\u0142osi\u0142o przetarg na wykonawc\u0119 prac. Co si\u0119 zmieni?<\/div>\n<div dir=\"auto\">Remont mini-boiska <span class=\"html-span xexx8yu x4uap5 x18d9i69 xkhd6sd x1hl2dhg x16tdsg8 x1vvkbs x3nfvp2 x1j61x8r x1fcty0u xdj266r xat24cr xgzva0m xhhsvwb xxymvpz xlup9mm x1kky2od\"><img loading=\"lazy\" decoding=\"async\" class=\"xz74otr\" src=\"https:\/\/static.xx.fbcdn.net\/images\/emoji.php\/v9\/taf\/1\/16\/26bd.png\" alt=\"\u26bd\ufe0f\" width=\"16\" height=\"16\" \/><\/span>:<\/div>\n<div dir=\"auto\">\u2022 budowa boiska o nawierzchni EPDM<\/div>\n<div dir=\"auto\">\u2022 monta\u017c 4-metrowych pi\u0142kochwyt\u00f3w<\/div>\n<div dir=\"auto\">\u2022 monta\u017c 2 nowych bramek <span class=\"html-span xexx8yu x4uap5 x18d9i69 xkhd6sd x1hl2dhg x16tdsg8 x1vvkbs x3nfvp2 x1j61x8r x1fcty0u xdj266r xat24cr xgzva0m xhhsvwb xxymvpz xlup9mm x1kky2od\"><img loading=\"lazy\" decoding=\"async\" class=\"xz74otr\" src=\"https:\/\/static.xx.fbcdn.net\/images\/emoji.php\/v9\/t92\/1\/16\/1f945.png\" alt=\"\ud83e\udd45\" width=\"16\" height=\"16\" \/><\/span><\/div>\n<div dir=\"auto\"><span class=\"html-span xexx8yu x4uap5 x18d9i69 xkhd6sd x1hl2dhg x16tdsg8 x1vvkbs x3nfvp2 x1j61x8r x1fcty0u xdj266r xat24cr xgzva0m xhhsvwb xxymvpz xlup9mm x1kky2od\"><img loading=\"lazy\" decoding=\"async\" class=\"xz74otr\" src=\"https:\/\/static.xx.fbcdn.net\/images\/emoji.php\/v9\/t4e\/1\/16\/1f6dd.png\" alt=\"\ud83d\udedd\" width=\"16\" height=\"16\" \/><\/span> Przebudowa placu zabaw:<\/div>\n<div dir=\"auto\">\u2022 monta\u017c 2 wielofunkcyjnych urz\u0105dze\u0144 zabawowych (demonta\u017c poprzednich)<\/div>\n<div dir=\"auto\">\u2022 wykonanie nawierzchni EPDM pod urz\u0105dzeniami<\/div>\n<div dir=\"auto\">\u2022 w rejonie istniej\u0105cej piaskownicy wykonane zostanie zadaszenie w formie tr\u00f3jk\u0105tnego \u017cagla<\/div>\n<div dir=\"auto\"><span class=\"html-span xexx8yu x4uap5 x18d9i69 xkhd6sd x1hl2dhg x16tdsg8 x1vvkbs x3nfvp2 x1j61x8r x1fcty0u xdj266r xat24cr xgzva0m xhhsvwb xxymvpz xlup9mm x1kky2od\"><img loading=\"lazy\" decoding=\"async\" class=\"xz74otr\" src=\"https:\/\/static.xx.fbcdn.net\/images\/emoji.php\/v9\/t92\/1\/16\/1f6b6_200d_2642.png\" alt=\"\ud83d\udeb6\u200d\u2642\ufe0f\" width=\"16\" height=\"16\" \/><\/span> Poza tym na terenie przedszkola powstanie nowy trawnik, a wok\u00f3\u0142 drzew opaski z gresu.<\/div>\n<div dir=\"auto\">Obecnie trwa przetarg na wykonawc\u0119 tych prac. Od podpisania umowy b\u0119dzie mia\u0142 3 miesi\u0105ce na ich realizacj\u0119.<\/div>\n<div dir=\"auto\">* Poni\u017cej m.in. zdj\u0119cie obecnie urz\u0119duj\u0105cej Przedszkolnej Rady Dzieci w &#8222;Niezapominajce&#8221;.<\/div>\n<p><img loading=\"lazy\" decoding=\"async\" class=\"alignnone size-medium wp-image-6224\" src=\"https:\/\/przedszkole56.edu.wroclaw.pl\/wp-content\/uploads\/sites\/51\/2025\/02\/476835569_1537731283834348_4201395815646348899_n-zmiany-300x200.jpg\" alt=\"\" width=\"300\" height=\"200\" srcset=\"https:\/\/przedszkole56.edu.wroclaw.pl\/wp-content\/uploads\/sites\/51\/2025\/02\/476835569_1537731283834348_4201395815646348899_n-zmiany-300x200.jpg 300w, https:\/\/przedszkole56.edu.wroclaw.pl\/wp-content\/uploads\/sites\/51\/2025\/02\/476835569_1537731283834348_4201395815646348899_n-zmiany-1024x683.jpg 1024w, https:\/\/przedszkole56.edu.wroclaw.pl\/wp-content\/uploads\/sites\/51\/2025\/02\/476835569_1537731283834348_4201395815646348899_n-zmiany-768x512.jpg 768w, https:\/\/przedszkole56.edu.wroclaw.pl\/wp-content\/uploads\/sites\/51\/2025\/02\/476835569_1537731283834348_4201395815646348899_n-zmiany-1536x1024.jpg 1536w, https:\/\/przedszkole56.edu.wroclaw.pl\/wp-content\/uploads\/sites\/51\/2025\/02\/476835569_1537731283834348_4201395815646348899_n-zmiany.jpg 2048w\" sizes=\"auto, (max-width: 300px) 100vw, 300px\" \/> <img loading=\"lazy\" decoding=\"async\" class=\"alignnone size-medium wp-image-6226\" src=\"https:\/\/przedszkole56.edu.wroclaw.pl\/wp-content\/uploads\/sites\/51\/2025\/02\/476837309_1537731457167664_5615414033158780928_n-zmiany-225x300.jpg\" alt=\"\" width=\"225\" height=\"300\" srcset=\"https:\/\/przedszkole56.edu.wroclaw.pl\/wp-content\/uploads\/sites\/51\/2025\/02\/476837309_1537731457167664_5615414033158780928_n-zmiany-225x300.jpg 225w, https:\/\/przedszkole56.edu.wroclaw.pl\/wp-content\/uploads\/sites\/51\/2025\/02\/476837309_1537731457167664_5615414033158780928_n-zmiany.jpg 633w\" sizes=\"auto, (max-width: 225px) 100vw, 225px\" \/><img loading=\"lazy\" decoding=\"async\" class=\"alignnone size-medium wp-image-6227\" src=\"https:\/\/przedszkole56.edu.wroclaw.pl\/wp-content\/uploads\/sites\/51\/2025\/02\/476833364_1537731513834325_5325404862330506797_n-zmiany-300x240.jpg\" alt=\"\" width=\"300\" height=\"240\" srcset=\"https:\/\/przedszkole56.edu.wroclaw.pl\/wp-content\/uploads\/sites\/51\/2025\/02\/476833364_1537731513834325_5325404862330506797_n-zmiany-300x240.jpg 300w, https:\/\/przedszkole56.edu.wroclaw.pl\/wp-content\/uploads\/sites\/51\/2025\/02\/476833364_1537731513834325_5325404862330506797_n-zmiany.jpg 638w\" sizes=\"auto, (max-width: 300px) 100vw, 300px\" \/><img loading=\"lazy\" decoding=\"async\" class=\"alignnone size-medium wp-image-6228\" src=\"https:\/\/przedszkole56.edu.wroclaw.pl\/wp-content\/uploads\/sites\/51\/2025\/02\/zmiany-300x254.jpg\" alt=\"\" width=\"300\" height=\"254\" srcset=\"https:\/\/przedszkole56.edu.wroclaw.pl\/wp-content\/uploads\/sites\/51\/2025\/02\/zmiany-300x254.jpg 300w, https:\/\/przedszkole56.edu.wroclaw.pl\/wp-content\/uploads\/sites\/51\/2025\/02\/zmiany.jpg 636w\" sizes=\"auto, (max-width: 300px) 100vw, 300px\" \/><\/p>\n","protected":false},"excerpt":{"rendered":"<p>Biuro Prasowe Urz\u0119du Miejskiego Wroc\u0142awia &#8211;\u00a0 W przedszkolu \u201eNiezapominajka\u201d b\u0119dzie nowe boisko i nowy plac zabaw. O takie zmiany wnioskowa\u0142y przedszkolaki w ramach Przedszkolnej Rady Dzieci. By\u0142 list w tej [&hellip;]<\/p>\n","protected":false},"author":177,"featured_media":6225,"comment_status":"closed","ping_status":"open","sticky":false,"template":"","format":"standard","meta":{"ngg_post_thumbnail":0,"footnotes":""},"categories":[3],"tags":[],"class_list":["post-6223","post","type-post","status-publish","format-standard","has-post-thumbnail","hentry","category-aktualnosci","clearfix"],"_links":{"self":[{"href":"https:\/\/przedszkole56.edu.wroclaw.pl\/index.php\/wp-json\/wp\/v2\/posts\/6223","targetHints":{"allow":["GET"]}}],"collection":[{"href":"https:\/\/przedszkole56.edu.wroclaw.pl\/index.php\/wp-json\/wp\/v2\/posts"}],"about":[{"href":"https:\/\/przedszkole56.edu.wroclaw.pl\/index.php\/wp-json\/wp\/v2\/types\/post"}],"author":[{"embeddable":true,"href":"https:\/\/przedszkole56.edu.wroclaw.pl\/index.php\/wp-json\/wp\/v2\/users\/177"}],"replies":[{"embeddable":true,"href":"https:\/\/przedszkole56.edu.wroclaw.pl\/index.php\/wp-json\/wp\/v2\/comments?post=6223"}],"version-history":[{"count":3,"href":"https:\/\/przedszkole56.edu.wroclaw.pl\/index.php\/wp-json\/wp\/v2\/posts\/6223\/revisions"}],"predecessor-version":[{"id":6231,"href":"https:\/\/przedszkole56.edu.wroclaw.pl\/index.php\/wp-json\/wp\/v2\/posts\/6223\/revisions\/6231"}],"wp:featuredmedia":[{"embeddable":true,"href":"https:\/\/przedszkole56.edu.wroclaw.pl\/index.php\/wp-json\/wp\/v2\/media\/6225"}],"wp:attachment":[{"href":"https:\/\/przedszkole56.edu.wroclaw.pl\/index.php\/wp-json\/wp\/v2\/media?parent=6223"}],"wp:term":[{"taxonomy":"category","embeddable":true,"href":"https:\/\/przedszkole56.edu.wroclaw.pl\/index.php\/wp-json\/wp\/v2\/categories?post=6223"},{"taxonomy":"post_tag","embeddable":true,"href":"https:\/\/przedszkole56.edu.wroclaw.pl\/index.php\/wp-json\/wp\/v2\/tags?post=6223"}],"curies":[{"name":"wp","href":"https:\/\/api.w.org\/{rel}","templated":true}]}}