
{"id":5540,"date":"2024-09-17T11:33:37","date_gmt":"2024-09-17T09:33:37","guid":{"rendered":"https:\/\/przedszkole56.edu.wroclaw.pl\/?p=5540"},"modified":"2024-09-17T11:34:12","modified_gmt":"2024-09-17T09:34:12","slug":"5540","status":"publish","type":"post","link":"https:\/\/przedszkole56.edu.wroclaw.pl\/index.php\/2024\/09\/17\/5540\/","title":{"rendered":"Niezapominajka dla powodzian."},"content":{"rendered":"<h2 dir=\"auto\"><span style=\"font-size: 14pt\"><strong>Z uwagi na sytuacj\u0119 powodziow\u0105 w rejonach wojew\u00f3dztwa dolno\u015bl\u0105skiego Niezapominajka odpowiedzia\u0142a na apel Fundacji Dortmundzko-Wroc\u0142awsko-Lwowskiej im. \u015bw. Jadwigi dotycz\u0105c\u0105 zbi\u00f3rki rzeczowej dla powodzian.<\/strong><\/span><\/h2>\n<h2 dir=\"auto\"><span style=\"font-size: 14pt\"><strong>Wiele razy korzystali\u015bmy z Pa\u0144stwa ofiarno\u015bci wi\u0119c i tym razem liczymy na Wasze zaanga\u017cowanie i pomoc.<\/strong><\/span><\/h2>\n","protected":false},"excerpt":{"rendered":"<p>Z uwagi na sytuacj\u0119 powodziow\u0105 w rejonach wojew\u00f3dztwa dolno\u015bl\u0105skiego Niezapominajka odpowiedzia\u0142a na apel Fundacji Dortmundzko-Wroc\u0142awsko-Lwowskiej im. \u015bw. Jadwigi dotycz\u0105c\u0105 zbi\u00f3rki rzeczowej dla powodzian. Wiele razy korzystali\u015bmy z Pa\u0144stwa ofiarno\u015bci wi\u0119c [&hellip;]<\/p>\n","protected":false},"author":177,"featured_media":5541,"comment_status":"closed","ping_status":"open","sticky":false,"template":"","format":"standard","meta":{"ngg_post_thumbnail":0,"footnotes":""},"categories":[3],"tags":[],"class_list":["post-5540","post","type-post","status-publish","format-standard","has-post-thumbnail","hentry","category-aktualnosci","clearfix"],"_links":{"self":[{"href":"https:\/\/przedszkole56.edu.wroclaw.pl\/index.php\/wp-json\/wp\/v2\/posts\/5540","targetHints":{"allow":["GET"]}}],"collection":[{"href":"https:\/\/przedszkole56.edu.wroclaw.pl\/index.php\/wp-json\/wp\/v2\/posts"}],"about":[{"href":"https:\/\/przedszkole56.edu.wroclaw.pl\/index.php\/wp-json\/wp\/v2\/types\/post"}],"author":[{"embeddable":true,"href":"https:\/\/przedszkole56.edu.wroclaw.pl\/index.php\/wp-json\/wp\/v2\/users\/177"}],"replies":[{"embeddable":true,"href":"https:\/\/przedszkole56.edu.wroclaw.pl\/index.php\/wp-json\/wp\/v2\/comments?post=5540"}],"version-history":[{"count":2,"href":"https:\/\/przedszkole56.edu.wroclaw.pl\/index.php\/wp-json\/wp\/v2\/posts\/5540\/revisions"}],"predecessor-version":[{"id":5543,"href":"https:\/\/przedszkole56.edu.wroclaw.pl\/index.php\/wp-json\/wp\/v2\/posts\/5540\/revisions\/5543"}],"wp:featuredmedia":[{"embeddable":true,"href":"https:\/\/przedszkole56.edu.wroclaw.pl\/index.php\/wp-json\/wp\/v2\/media\/5541"}],"wp:attachment":[{"href":"https:\/\/przedszkole56.edu.wroclaw.pl\/index.php\/wp-json\/wp\/v2\/media?parent=5540"}],"wp:term":[{"taxonomy":"category","embeddable":true,"href":"https:\/\/przedszkole56.edu.wroclaw.pl\/index.php\/wp-json\/wp\/v2\/categories?post=5540"},{"taxonomy":"post_tag","embeddable":true,"href":"https:\/\/przedszkole56.edu.wroclaw.pl\/index.php\/wp-json\/wp\/v2\/tags?post=5540"}],"curies":[{"name":"wp","href":"https:\/\/api.w.org\/{rel}","templated":true}]}}