
{"id":5219,"date":"2024-03-21T12:48:36","date_gmt":"2024-03-21T11:48:36","guid":{"rendered":"https:\/\/przedszkole56.edu.wroclaw.pl\/?p=5219"},"modified":"2024-03-21T12:48:36","modified_gmt":"2024-03-21T11:48:36","slug":"rekrutacja-2024","status":"publish","type":"post","link":"https:\/\/przedszkole56.edu.wroclaw.pl\/index.php\/2024\/03\/21\/rekrutacja-2024\/","title":{"rendered":"REKRUTACJA 2024"},"content":{"rendered":"<div class=\"wpb-content-wrapper\"><p>[vc_row][vc_column][vc_column_text]<img loading=\"lazy\" decoding=\"async\" class=\"alignnone size-medium wp-image-5217\" src=\"https:\/\/przedszkole56.edu.wroclaw.pl\/wp-content\/uploads\/sites\/51\/2024\/03\/Blue-Green-Colorful-Daycare-Center-Presentation-300x169.png\" alt=\"\" width=\"300\" height=\"169\" srcset=\"https:\/\/przedszkole56.edu.wroclaw.pl\/wp-content\/uploads\/sites\/51\/2024\/03\/Blue-Green-Colorful-Daycare-Center-Presentation-300x169.png 300w, https:\/\/przedszkole56.edu.wroclaw.pl\/wp-content\/uploads\/sites\/51\/2024\/03\/Blue-Green-Colorful-Daycare-Center-Presentation-1024x576.png 1024w, https:\/\/przedszkole56.edu.wroclaw.pl\/wp-content\/uploads\/sites\/51\/2024\/03\/Blue-Green-Colorful-Daycare-Center-Presentation-768x432.png 768w, https:\/\/przedszkole56.edu.wroclaw.pl\/wp-content\/uploads\/sites\/51\/2024\/03\/Blue-Green-Colorful-Daycare-Center-Presentation-1536x864.png 1536w, https:\/\/przedszkole56.edu.wroclaw.pl\/wp-content\/uploads\/sites\/51\/2024\/03\/Blue-Green-Colorful-Daycare-Center-Presentation.png 1920w\" sizes=\"auto, (max-width: 300px) 100vw, 300px\" \/><\/p>\n<p><span style=\"font-size: 24pt\"><strong><span style=\"font-family: 'book antiqua', palatino\">UWAGA!<\/span><\/strong><\/span><\/p>\n<p><span style=\"font-family: 'book antiqua', palatino;font-size: 14pt\">Rozpocz\u0119\u0142a si\u0119 rekrutacja do wroc\u0142awskich przedszkoli.<\/span><\/p>\n<p><span style=\"font-family: 'book antiqua', palatino;font-size: 14pt\">Zapraszamy do sk\u0142adania wniosk\u00f3w<\/span><\/p>\n<p><span style=\"font-family: 'book antiqua', palatino;font-size: 14pt\"> 20.03.2024 -26.03.2024 \ud83d\ude42\u00a0<\/span>[\/vc_column_text][\/vc_column][\/vc_row]<\/p>\n<\/div>","protected":false},"excerpt":{"rendered":"<p>[vc_row][vc_column][vc_column_text] UWAGA! Rozpocz\u0119\u0142a si\u0119 rekrutacja do wroc\u0142awskich przedszkoli. Zapraszamy do sk\u0142adania wniosk\u00f3w 20.03.2024 -26.03.2024 \ud83d\ude42\u00a0[\/vc_column_text][\/vc_column][\/vc_row]<\/p>\n","protected":false},"author":379,"featured_media":5217,"comment_status":"closed","ping_status":"open","sticky":false,"template":"","format":"standard","meta":{"ngg_post_thumbnail":0,"footnotes":""},"categories":[3],"tags":[],"class_list":["post-5219","post","type-post","status-publish","format-standard","has-post-thumbnail","hentry","category-aktualnosci","clearfix"],"_links":{"self":[{"href":"https:\/\/przedszkole56.edu.wroclaw.pl\/index.php\/wp-json\/wp\/v2\/posts\/5219","targetHints":{"allow":["GET"]}}],"collection":[{"href":"https:\/\/przedszkole56.edu.wroclaw.pl\/index.php\/wp-json\/wp\/v2\/posts"}],"about":[{"href":"https:\/\/przedszkole56.edu.wroclaw.pl\/index.php\/wp-json\/wp\/v2\/types\/post"}],"author":[{"embeddable":true,"href":"https:\/\/przedszkole56.edu.wroclaw.pl\/index.php\/wp-json\/wp\/v2\/users\/379"}],"replies":[{"embeddable":true,"href":"https:\/\/przedszkole56.edu.wroclaw.pl\/index.php\/wp-json\/wp\/v2\/comments?post=5219"}],"version-history":[{"count":1,"href":"https:\/\/przedszkole56.edu.wroclaw.pl\/index.php\/wp-json\/wp\/v2\/posts\/5219\/revisions"}],"predecessor-version":[{"id":5220,"href":"https:\/\/przedszkole56.edu.wroclaw.pl\/index.php\/wp-json\/wp\/v2\/posts\/5219\/revisions\/5220"}],"wp:featuredmedia":[{"embeddable":true,"href":"https:\/\/przedszkole56.edu.wroclaw.pl\/index.php\/wp-json\/wp\/v2\/media\/5217"}],"wp:attachment":[{"href":"https:\/\/przedszkole56.edu.wroclaw.pl\/index.php\/wp-json\/wp\/v2\/media?parent=5219"}],"wp:term":[{"taxonomy":"category","embeddable":true,"href":"https:\/\/przedszkole56.edu.wroclaw.pl\/index.php\/wp-json\/wp\/v2\/categories?post=5219"},{"taxonomy":"post_tag","embeddable":true,"href":"https:\/\/przedszkole56.edu.wroclaw.pl\/index.php\/wp-json\/wp\/v2\/tags?post=5219"}],"curies":[{"name":"wp","href":"https:\/\/api.w.org\/{rel}","templated":true}]}}