
{"id":5147,"date":"2024-02-27T13:47:40","date_gmt":"2024-02-27T12:47:40","guid":{"rendered":"https:\/\/przedszkole56.edu.wroclaw.pl\/?p=5147"},"modified":"2024-02-27T13:47:40","modified_gmt":"2024-02-27T12:47:40","slug":"zielone-przedszkole-zebranie-informacyjne","status":"publish","type":"post","link":"https:\/\/przedszkole56.edu.wroclaw.pl\/index.php\/2024\/02\/27\/zielone-przedszkole-zebranie-informacyjne\/","title":{"rendered":"Zielone przedszkole &#8211; zebranie informacyjne"},"content":{"rendered":"<div class=\"wpb-content-wrapper\"><p>[vc_row][vc_column][vc_column_text]<\/p>\n<p><img loading=\"lazy\" decoding=\"async\" class=\"alignnone size-medium wp-image-5150\" src=\"https:\/\/przedszkole56.edu.wroclaw.pl\/wp-content\/uploads\/sites\/51\/2024\/02\/autobus-wycieczka-3-300x199.jpg\" alt=\"\" width=\"300\" height=\"199\" srcset=\"https:\/\/przedszkole56.edu.wroclaw.pl\/wp-content\/uploads\/sites\/51\/2024\/02\/autobus-wycieczka-3-300x199.jpg 300w, https:\/\/przedszkole56.edu.wroclaw.pl\/wp-content\/uploads\/sites\/51\/2024\/02\/autobus-wycieczka-3-1024x680.jpg 1024w, https:\/\/przedszkole56.edu.wroclaw.pl\/wp-content\/uploads\/sites\/51\/2024\/02\/autobus-wycieczka-3-768x510.jpg 768w, https:\/\/przedszkole56.edu.wroclaw.pl\/wp-content\/uploads\/sites\/51\/2024\/02\/autobus-wycieczka-3.jpg 1179w\" sizes=\"auto, (max-width: 300px) 100vw, 300px\" \/><\/p>\n<p>&nbsp;<\/p>\n<p><span style=\"font-size: 18pt;font-family: 'book antiqua', palatino\">! Uwaga, uwaga !<\/span><br \/>\n<span style=\"font-size: 14pt;font-family: 'book antiqua', palatino\">Serdecznie zapraszamy zainteresowanych Rodzic\u00f3w na spotkanie dotycz\u0105ce wyjazdu dzieci (rocznik 2017) na Zielone Przedszkole.<\/span><br \/>\n<span style=\"font-family: 'book antiqua', palatino\"><span style=\"font-size: 14pt\">4 marca 2024 roku, godzina 16:00, Du\u017ca Niezapominajka<\/span>.<\/span>[\/vc_column_text][\/vc_column][\/vc_row]<\/p>\n<\/div>","protected":false},"excerpt":{"rendered":"<p>[vc_row][vc_column][vc_column_text] &nbsp; ! Uwaga, uwaga ! Serdecznie zapraszamy zainteresowanych Rodzic\u00f3w na spotkanie dotycz\u0105ce wyjazdu dzieci (rocznik 2017) na Zielone Przedszkole. 4 marca 2024 roku, godzina 16:00, Du\u017ca Niezapominajka.[\/vc_column_text][\/vc_column][\/vc_row]<\/p>\n","protected":false},"author":379,"featured_media":5150,"comment_status":"closed","ping_status":"open","sticky":false,"template":"","format":"standard","meta":{"ngg_post_thumbnail":0,"footnotes":""},"categories":[3],"tags":[],"class_list":["post-5147","post","type-post","status-publish","format-standard","has-post-thumbnail","hentry","category-aktualnosci","clearfix"],"_links":{"self":[{"href":"https:\/\/przedszkole56.edu.wroclaw.pl\/index.php\/wp-json\/wp\/v2\/posts\/5147","targetHints":{"allow":["GET"]}}],"collection":[{"href":"https:\/\/przedszkole56.edu.wroclaw.pl\/index.php\/wp-json\/wp\/v2\/posts"}],"about":[{"href":"https:\/\/przedszkole56.edu.wroclaw.pl\/index.php\/wp-json\/wp\/v2\/types\/post"}],"author":[{"embeddable":true,"href":"https:\/\/przedszkole56.edu.wroclaw.pl\/index.php\/wp-json\/wp\/v2\/users\/379"}],"replies":[{"embeddable":true,"href":"https:\/\/przedszkole56.edu.wroclaw.pl\/index.php\/wp-json\/wp\/v2\/comments?post=5147"}],"version-history":[{"count":1,"href":"https:\/\/przedszkole56.edu.wroclaw.pl\/index.php\/wp-json\/wp\/v2\/posts\/5147\/revisions"}],"predecessor-version":[{"id":5151,"href":"https:\/\/przedszkole56.edu.wroclaw.pl\/index.php\/wp-json\/wp\/v2\/posts\/5147\/revisions\/5151"}],"wp:featuredmedia":[{"embeddable":true,"href":"https:\/\/przedszkole56.edu.wroclaw.pl\/index.php\/wp-json\/wp\/v2\/media\/5150"}],"wp:attachment":[{"href":"https:\/\/przedszkole56.edu.wroclaw.pl\/index.php\/wp-json\/wp\/v2\/media?parent=5147"}],"wp:term":[{"taxonomy":"category","embeddable":true,"href":"https:\/\/przedszkole56.edu.wroclaw.pl\/index.php\/wp-json\/wp\/v2\/categories?post=5147"},{"taxonomy":"post_tag","embeddable":true,"href":"https:\/\/przedszkole56.edu.wroclaw.pl\/index.php\/wp-json\/wp\/v2\/tags?post=5147"}],"curies":[{"name":"wp","href":"https:\/\/api.w.org\/{rel}","templated":true}]}}