
{"id":4965,"date":"2024-01-12T09:58:16","date_gmt":"2024-01-12T08:58:16","guid":{"rendered":"https:\/\/przedszkole56.edu.wroclaw.pl\/?p=4965"},"modified":"2024-01-12T09:58:16","modified_gmt":"2024-01-12T08:58:16","slug":"xx-lecie-aniolkowego-grania","status":"publish","type":"post","link":"https:\/\/przedszkole56.edu.wroclaw.pl\/index.php\/2024\/01\/12\/xx-lecie-aniolkowego-grania\/","title":{"rendered":"XX-LECIE ANIO\u0141KOWEGO GRANIA"},"content":{"rendered":"<div class=\"wpb-content-wrapper\"><p>[vc_row][vc_column][vc_column_text]<\/p>\n<p>&nbsp;<\/p>\n<p><img loading=\"lazy\" decoding=\"async\" class=\"alignnone size-medium wp-image-4967\" src=\"https:\/\/przedszkole56.edu.wroclaw.pl\/wp-content\/uploads\/sites\/51\/2024\/01\/aniolkowe1-1-300x200.jpg\" alt=\"\" width=\"300\" height=\"200\" srcset=\"https:\/\/przedszkole56.edu.wroclaw.pl\/wp-content\/uploads\/sites\/51\/2024\/01\/aniolkowe1-1-300x200.jpg 300w, https:\/\/przedszkole56.edu.wroclaw.pl\/wp-content\/uploads\/sites\/51\/2024\/01\/aniolkowe1-1-1024x683.jpg 1024w, https:\/\/przedszkole56.edu.wroclaw.pl\/wp-content\/uploads\/sites\/51\/2024\/01\/aniolkowe1-1-768x512.jpg 768w, https:\/\/przedszkole56.edu.wroclaw.pl\/wp-content\/uploads\/sites\/51\/2024\/01\/aniolkowe1-1-1536x1024.jpg 1536w, https:\/\/przedszkole56.edu.wroclaw.pl\/wp-content\/uploads\/sites\/51\/2024\/01\/aniolkowe1-1.jpg 2048w\" sizes=\"auto, (max-width: 300px) 100vw, 300px\" \/><\/p>\n<div dir=\"auto\">Za nami pi\u0119kna uroczysto\u015b\u0107 XX-lecia Anio\u0142kowego Grania &#8211; projektu, kt\u00f3rego Niezapominajka jest wsp\u00f3\u0142autorem i wsp\u00f3\u0142organizatorem.<\/div>\n<div dir=\"auto\">Przez tyle lat uda\u0142o si\u0119 zaprosi\u0107 do udzia\u0142u kilkaset plac\u00f3wek edukacyjnych z ca\u0142ej Polski, by wsp\u00f3lnie wspiera\u0107 ide\u0119 pieczy zast\u0119pczej.<\/div>\n<div dir=\"auto\">Dzi\u0119kujemy wszystkim, kt\u00f3rzy nam w tym pomagaj\u0105<\/div>\n<p>[\/vc_column_text][\/vc_column][\/vc_row]<\/p>\n<\/div>","protected":false},"excerpt":{"rendered":"<p>[vc_row][vc_column][vc_column_text] &nbsp; Za nami pi\u0119kna uroczysto\u015b\u0107 XX-lecia Anio\u0142kowego Grania &#8211; projektu, kt\u00f3rego Niezapominajka jest wsp\u00f3\u0142autorem i wsp\u00f3\u0142organizatorem. Przez tyle lat uda\u0142o si\u0119 zaprosi\u0107 do udzia\u0142u kilkaset plac\u00f3wek edukacyjnych z ca\u0142ej [&hellip;]<\/p>\n","protected":false},"author":379,"featured_media":4966,"comment_status":"closed","ping_status":"open","sticky":false,"template":"","format":"standard","meta":{"ngg_post_thumbnail":0,"footnotes":""},"categories":[3],"tags":[],"class_list":["post-4965","post","type-post","status-publish","format-standard","has-post-thumbnail","hentry","category-aktualnosci","clearfix"],"_links":{"self":[{"href":"https:\/\/przedszkole56.edu.wroclaw.pl\/index.php\/wp-json\/wp\/v2\/posts\/4965","targetHints":{"allow":["GET"]}}],"collection":[{"href":"https:\/\/przedszkole56.edu.wroclaw.pl\/index.php\/wp-json\/wp\/v2\/posts"}],"about":[{"href":"https:\/\/przedszkole56.edu.wroclaw.pl\/index.php\/wp-json\/wp\/v2\/types\/post"}],"author":[{"embeddable":true,"href":"https:\/\/przedszkole56.edu.wroclaw.pl\/index.php\/wp-json\/wp\/v2\/users\/379"}],"replies":[{"embeddable":true,"href":"https:\/\/przedszkole56.edu.wroclaw.pl\/index.php\/wp-json\/wp\/v2\/comments?post=4965"}],"version-history":[{"count":1,"href":"https:\/\/przedszkole56.edu.wroclaw.pl\/index.php\/wp-json\/wp\/v2\/posts\/4965\/revisions"}],"predecessor-version":[{"id":4971,"href":"https:\/\/przedszkole56.edu.wroclaw.pl\/index.php\/wp-json\/wp\/v2\/posts\/4965\/revisions\/4971"}],"wp:featuredmedia":[{"embeddable":true,"href":"https:\/\/przedszkole56.edu.wroclaw.pl\/index.php\/wp-json\/wp\/v2\/media\/4966"}],"wp:attachment":[{"href":"https:\/\/przedszkole56.edu.wroclaw.pl\/index.php\/wp-json\/wp\/v2\/media?parent=4965"}],"wp:term":[{"taxonomy":"category","embeddable":true,"href":"https:\/\/przedszkole56.edu.wroclaw.pl\/index.php\/wp-json\/wp\/v2\/categories?post=4965"},{"taxonomy":"post_tag","embeddable":true,"href":"https:\/\/przedszkole56.edu.wroclaw.pl\/index.php\/wp-json\/wp\/v2\/tags?post=4965"}],"curies":[{"name":"wp","href":"https:\/\/api.w.org\/{rel}","templated":true}]}}