
{"id":4580,"date":"2023-09-05T12:09:27","date_gmt":"2023-09-05T10:09:27","guid":{"rendered":"https:\/\/przedszkole56.edu.wroclaw.pl\/?p=4580"},"modified":"2023-09-05T12:29:34","modified_gmt":"2023-09-05T10:29:34","slug":"4580","status":"publish","type":"post","link":"https:\/\/przedszkole56.edu.wroclaw.pl\/index.php\/2023\/09\/05\/4580\/","title":{"rendered":"Spotkania z rodzicami"},"content":{"rendered":"<div class=\"wpb-content-wrapper\"><p>[vc_row][vc_column][vc_column_text]<\/p>\n<div dir=\"auto\"><\/div>\n<div dir=\"auto\"><strong><span style=\"font-size: 18pt\">Zapraszamy<\/span><\/strong><\/div>\n<div dir=\"auto\"><\/div>\n<div dir=\"auto\"><em><strong>Motylk<\/strong>i<\/em> \u2013 11 wrze\u015bnia, godzina 16:00<\/div>\n<div dir=\"auto\"><strong><em>Pszcz\u00f3\u0142ki<\/em><\/strong> \u2013 14 wrze\u015bnia, godzina 15:30<\/div>\n<div dir=\"auto\"><strong><em>Bo\u0107ki<\/em><\/strong> \u2013 12 wrze\u015bnia, godzina 16:00<\/div>\n<div dir=\"auto\"><em><strong>Mr\u00f3wki<\/strong><\/em> \u2013 13 wrze\u015bnia, godzina 16:00<\/div>\n<div dir=\"auto\"><em><strong>Kreciki<\/strong> <\/em>\u2013 4 wrze\u015bnia, godzina 16:00<\/div>\n<div dir=\"auto\"><em><strong>Myszki<\/strong> <\/em>\u2013 7 wrze\u015bnia, godzina 16:30<\/div>\n<div dir=\"auto\"><em><strong>Zaj\u0105czki<\/strong><\/em> \u2013 6 wrze\u015bnia, godzina 17:00<\/div>\n<div dir=\"auto\"><em><strong>\u017buczki<\/strong><\/em> \u2013 7 wrze\u015bnia, godzina 17:00<\/div>\n<div dir=\"auto\"><em><strong>Je\u017cyki<\/strong><\/em> \u2013 14 wrze\u015bnia, godzina 17:00<\/div>\n<div dir=\"auto\"><em><strong>Wa\u017cki<\/strong><\/em> \u2013 7 wrze\u015bnia, godzina 16:00<\/div>\n<div dir=\"auto\"><em><strong>\u015awierszcze<\/strong><\/em> \u2013 8 wrze\u015bnia, godzina 16:00<\/div>\n<div dir=\"auto\"><em><strong>Stonogi<\/strong><\/em> \u2013 7 wrze\u015bnia, godzina 16:00<\/div>\n<div dir=\"auto\"><em><strong>Paj\u0105czki<\/strong><\/em> \u2013 6 wrze\u015bnia, godzina 16:00<\/div>\n<div dir=\"auto\"><em><strong>B\u0105czki<\/strong><\/em> \u2013 4 wrze\u015bnia, godzina 16:00<\/div>\n<div dir=\"auto\"><em><strong>S\u00f3wki<\/strong><\/em> \u2013 7 wrze\u015bnia, godzina 16:30<\/div>\n<div dir=\"auto\"><em><strong>Muszki<\/strong><\/em> \u2013 8 wrze\u015bnia, godzina 16:00<\/div>\n<div dir=\"auto\"><em><strong>Chrz\u0105szcze<\/strong><\/em> \u2013 11 wrze\u015bnia, godzina 16:00<\/div>\n<p>[\/vc_column_text][\/vc_column][\/vc_row]<\/p>\n<\/div>","protected":false},"excerpt":{"rendered":"<p>[vc_row][vc_column][vc_column_text] Zapraszamy Motylki \u2013 11 wrze\u015bnia, godzina 16:00 Pszcz\u00f3\u0142ki \u2013 14 wrze\u015bnia, godzina 15:30 Bo\u0107ki \u2013 12 wrze\u015bnia, godzina 16:00 Mr\u00f3wki \u2013 13 wrze\u015bnia, godzina 16:00 Kreciki \u2013 4 wrze\u015bnia, [&hellip;]<\/p>\n","protected":false},"author":379,"featured_media":4583,"comment_status":"closed","ping_status":"open","sticky":false,"template":"","format":"standard","meta":{"ngg_post_thumbnail":0,"footnotes":""},"categories":[3],"tags":[],"class_list":["post-4580","post","type-post","status-publish","format-standard","has-post-thumbnail","hentry","category-aktualnosci","clearfix"],"_links":{"self":[{"href":"https:\/\/przedszkole56.edu.wroclaw.pl\/index.php\/wp-json\/wp\/v2\/posts\/4580","targetHints":{"allow":["GET"]}}],"collection":[{"href":"https:\/\/przedszkole56.edu.wroclaw.pl\/index.php\/wp-json\/wp\/v2\/posts"}],"about":[{"href":"https:\/\/przedszkole56.edu.wroclaw.pl\/index.php\/wp-json\/wp\/v2\/types\/post"}],"author":[{"embeddable":true,"href":"https:\/\/przedszkole56.edu.wroclaw.pl\/index.php\/wp-json\/wp\/v2\/users\/379"}],"replies":[{"embeddable":true,"href":"https:\/\/przedszkole56.edu.wroclaw.pl\/index.php\/wp-json\/wp\/v2\/comments?post=4580"}],"version-history":[{"count":6,"href":"https:\/\/przedszkole56.edu.wroclaw.pl\/index.php\/wp-json\/wp\/v2\/posts\/4580\/revisions"}],"predecessor-version":[{"id":4586,"href":"https:\/\/przedszkole56.edu.wroclaw.pl\/index.php\/wp-json\/wp\/v2\/posts\/4580\/revisions\/4586"}],"wp:featuredmedia":[{"embeddable":true,"href":"https:\/\/przedszkole56.edu.wroclaw.pl\/index.php\/wp-json\/wp\/v2\/media\/4583"}],"wp:attachment":[{"href":"https:\/\/przedszkole56.edu.wroclaw.pl\/index.php\/wp-json\/wp\/v2\/media?parent=4580"}],"wp:term":[{"taxonomy":"category","embeddable":true,"href":"https:\/\/przedszkole56.edu.wroclaw.pl\/index.php\/wp-json\/wp\/v2\/categories?post=4580"},{"taxonomy":"post_tag","embeddable":true,"href":"https:\/\/przedszkole56.edu.wroclaw.pl\/index.php\/wp-json\/wp\/v2\/tags?post=4580"}],"curies":[{"name":"wp","href":"https:\/\/api.w.org\/{rel}","templated":true}]}}