
{"id":4371,"date":"2023-03-28T11:24:53","date_gmt":"2023-03-28T09:24:53","guid":{"rendered":"https:\/\/przedszkole56.edu.wroclaw.pl\/?p=4371"},"modified":"2023-03-28T11:29:08","modified_gmt":"2023-03-28T09:29:08","slug":"kwiecien-ma-kolor-niebieski","status":"publish","type":"post","link":"https:\/\/przedszkole56.edu.wroclaw.pl\/index.php\/2023\/03\/28\/kwiecien-ma-kolor-niebieski\/","title":{"rendered":"Kwiecie\u0144 ma kolor niebieski"},"content":{"rendered":"<div class=\"wpb-content-wrapper\"><p>[vc_row][vc_column][vc_column_text]<\/p>\n<div class=\"\" dir=\"auto\">\n<div id=\"jsc_c_cj\" class=\"x1iorvi4 x1pi30zi x1swvt13 x1l90r2v\" data-ad-comet-preview=\"message\" data-ad-preview=\"message\">\n<div class=\"x78zum5 xdt5ytf xz62fqu x16ldp7u\">\n<div class=\"xu06os2 x1ok221b\">\n<div class=\"x11i5rnm xat24cr x1mh8g0r x1vvkbs xdj266r x126k92a\">\n<h2 dir=\"auto\"><span style=\"font-size: 14pt\"><strong>Jest to miesi\u0105c wiedzy na temat autyzmu. 2 kwietnia na ca\u0142ym \u015bwiecie obchodzony jest \u015awiatowy Dzie\u0144 \u015awiadomo\u015bci Autyzmu. W dniu 3 kwietnia (poniedzia\u0142ek) w Niezapominajce odb\u0119d\u0105 si\u0119 Niebieskie Igrzyska. Jest to wydarzenie o charakterze sportowo-edukacyjnym. Dzieci ze wszystkich grup b\u0119d\u0105 wykonywa\u0107 r\u00f3\u017cne konkurencje sportowe dostosowane do wieku. Prosimy w tym dniu ubra\u0107 dzieci w swobodny str\u00f3j w kolorze niebieskim. Podczas imprezy b\u0119d\u0105 wykonywane zdj\u0119cia przez nauczyciela grupy. Prosimy o podpisanie zg\u00f3d na uczestnictwo dzieci i wyra\u017cenie zgody na rozpowszechnianie wizerunku. Fotorelacja z imprezy zostanie umieszczona na stronie organizatora <\/strong><\/span><\/h2>\n<h2 dir=\"auto\"><span style=\"font-size: 14pt\"><strong><a class=\"x1i10hfl xjbqb8w x6umtig x1b1mbwd xaqea5y xav7gou x9f619 x1ypdohk xt0psk2 xe8uvvx xdj266r x11i5rnm xat24cr x1mh8g0r xexx8yu x4uap5 x18d9i69 xkhd6sd x16tdsg8 x1hl2dhg xggy1nq x1a2a7pz xt0b8zv x1fey0fg\" role=\"link\" href=\"https:\/\/l.facebook.com\/l.php?u=http%3A%2F%2Fwww.niebieskieigrzyska.iwrd.pl%2F%3Ffbclid%3DIwAR2o_708K4sYtWHt7aEgbVkPmhfGMtRFwroMaVotc1LHtfCXg5agjC_g3h4&amp;h=AT0f__rVdxVDgWRJcA7r-VrMAnNyeIrV9QUs7DiWML1kYQ0XyM4Poolw-p4op6aTpPw8rjAbKf8Jl1w9d4Cq8zpbTnAQ9ZMMOy5oGZQa71dfZcEaBgVV_cVk8yrW2leL8hU&amp;__tn__=-UK-R&amp;c[0]=AT2RpY1o3Cjy0l6HxO4ZOfpefcVkmNzK4EX_e5N3okY56VK1SzFMVauViReiUUocw8S50RZrRNAdfr8aY5J3PYgZ4WJmwvM9dYPkGGWCD2bY39AeSbNw-gK12gAucJXbdjgcOAtvNbjmEX7UDPRzoUxchI4S4FDikb7RMcE9w-aogAnY-w\" target=\"_blank\" rel=\"nofollow noopener\">www.niebieskieigrzyska.iwrd.pl<\/a> <\/strong><\/span><\/h2>\n<h2 dir=\"auto\"><span style=\"font-size: 14pt\"><strong>oraz na naszej stronie <span class=\"x3nfvp2 x1j61x8r x1fcty0u xdj266r xhhsvwb xat24cr xgzva0m xxymvpz xlup9mm x1kky2od\"><img loading=\"lazy\" decoding=\"async\" src=\"https:\/\/static.xx.fbcdn.net\/images\/emoji.php\/v9\/t6c\/1\/16\/1f499.png\" alt=\"\ud83d\udc99\" width=\"16\" height=\"16\" \/><\/span><\/strong><\/span><\/h2>\n<h2 dir=\"auto\"><a class=\"x1i10hfl xjbqb8w x6umtig x1b1mbwd xaqea5y xav7gou x9f619 x1ypdohk xt0psk2 xe8uvvx xdj266r x11i5rnm xat24cr x1mh8g0r xexx8yu x4uap5 x18d9i69 xkhd6sd x16tdsg8 x1hl2dhg xggy1nq x1a2a7pz xt0b8zv x1qq9wsj xo1l8bm\" role=\"link\" href=\"https:\/\/www.facebook.com\/hashtag\/niebieskieigrzyska?__eep__=6&amp;__cft__[0]=AZVTR5gZNElrwKB6PLNMIs2eRq33OWXEAa3QYLW8zCl6KMx5ifjocv0Mg_nTW6ETEG9Y5j7H8SS34JsVqRywtd8cwmF178x9fU6xCUA6T8muxpuvG_s56fTzJTHiz5xCQb6X8NxTEzsezUsqOCNHhhyo&amp;__tn__=*NK-R\"><span style=\"font-size: 14pt\"><strong>#niebieskieigrzyska<\/strong><\/span><\/a><\/h2>\n<\/div>\n<\/div>\n<\/div>\n<\/div>\n<\/div>\n<p>[\/vc_column_text][\/vc_column][\/vc_row]<\/p>\n<\/div>","protected":false},"excerpt":{"rendered":"<p>[vc_row][vc_column][vc_column_text] Jest to miesi\u0105c wiedzy na temat autyzmu. 2 kwietnia na ca\u0142ym \u015bwiecie obchodzony jest \u015awiatowy Dzie\u0144 \u015awiadomo\u015bci Autyzmu. W dniu 3 kwietnia (poniedzia\u0142ek) w Niezapominajce odb\u0119d\u0105 si\u0119 Niebieskie Igrzyska. [&hellip;]<\/p>\n","protected":false},"author":177,"featured_media":4372,"comment_status":"closed","ping_status":"open","sticky":false,"template":"","format":"standard","meta":{"ngg_post_thumbnail":0,"footnotes":""},"categories":[3],"tags":[],"class_list":["post-4371","post","type-post","status-publish","format-standard","has-post-thumbnail","hentry","category-aktualnosci","clearfix"],"_links":{"self":[{"href":"https:\/\/przedszkole56.edu.wroclaw.pl\/index.php\/wp-json\/wp\/v2\/posts\/4371","targetHints":{"allow":["GET"]}}],"collection":[{"href":"https:\/\/przedszkole56.edu.wroclaw.pl\/index.php\/wp-json\/wp\/v2\/posts"}],"about":[{"href":"https:\/\/przedszkole56.edu.wroclaw.pl\/index.php\/wp-json\/wp\/v2\/types\/post"}],"author":[{"embeddable":true,"href":"https:\/\/przedszkole56.edu.wroclaw.pl\/index.php\/wp-json\/wp\/v2\/users\/177"}],"replies":[{"embeddable":true,"href":"https:\/\/przedszkole56.edu.wroclaw.pl\/index.php\/wp-json\/wp\/v2\/comments?post=4371"}],"version-history":[{"count":3,"href":"https:\/\/przedszkole56.edu.wroclaw.pl\/index.php\/wp-json\/wp\/v2\/posts\/4371\/revisions"}],"predecessor-version":[{"id":4375,"href":"https:\/\/przedszkole56.edu.wroclaw.pl\/index.php\/wp-json\/wp\/v2\/posts\/4371\/revisions\/4375"}],"wp:featuredmedia":[{"embeddable":true,"href":"https:\/\/przedszkole56.edu.wroclaw.pl\/index.php\/wp-json\/wp\/v2\/media\/4372"}],"wp:attachment":[{"href":"https:\/\/przedszkole56.edu.wroclaw.pl\/index.php\/wp-json\/wp\/v2\/media?parent=4371"}],"wp:term":[{"taxonomy":"category","embeddable":true,"href":"https:\/\/przedszkole56.edu.wroclaw.pl\/index.php\/wp-json\/wp\/v2\/categories?post=4371"},{"taxonomy":"post_tag","embeddable":true,"href":"https:\/\/przedszkole56.edu.wroclaw.pl\/index.php\/wp-json\/wp\/v2\/tags?post=4371"}],"curies":[{"name":"wp","href":"https:\/\/api.w.org\/{rel}","templated":true}]}}