
{"id":4289,"date":"2023-01-31T15:59:40","date_gmt":"2023-01-31T14:59:40","guid":{"rendered":"https:\/\/przedszkole56.edu.wroclaw.pl\/?p=4289"},"modified":"2023-01-31T15:59:40","modified_gmt":"2023-01-31T14:59:40","slug":"4289","status":"publish","type":"post","link":"https:\/\/przedszkole56.edu.wroclaw.pl\/index.php\/2023\/01\/31\/4289\/","title":{"rendered":""},"content":{"rendered":"<div class=\"wpb-content-wrapper\"><p>[vc_row][vc_column][vc_column_text]<\/p>\n<h2>Grupa 4 latki\u00a0 \u017bUCZKI &#8211; STYCZE\u0143 2023<\/h2>\n<p>&nbsp;<\/p>\n<p><strong><u>Tematyka wiod\u0105ca:<\/u><\/strong><\/p>\n<ol>\n<li><strong>Mijaj\u0105 dni, miesi\u0105ce, lata.<\/strong><\/li>\n<li><strong>Zima i zwierz\u0119ta.<\/strong><\/li>\n<li><strong>Dzie\u0144 Babci i Dziadka.<\/strong><\/li>\n<li><strong>Emocje \u2013 jak sobie z nimi radzi\u0107.<\/strong><\/li>\n<\/ol>\n<p>&nbsp;<\/p>\n<h2><u>Cele edukacyjne:<\/u><\/h2>\n<p>&nbsp;<\/p>\n<ul>\n<li>Dostrzeganie up\u0142ywu czasu na podstawie osi czasu, utrwalenie p\u00f3r roku, nauka miesi\u0119cy; poznawanie wyst\u0119puj\u0105cych w przyrodzie nast\u0119pstw dni i nocy oraz p\u00f3r roku.<\/li>\n<li>Rozwijanie umiej\u0119tno\u015bci zgodnego wsp\u00f3\u0142dzia\u0142ania w zespole, utrwalanie zasad panuj\u0105cych w grupie na podstawie Kodeksu Przedszkolaka.<\/li>\n<li>Rozumienie konieczno\u015bci dokarmiania zwierz\u0105t w okresie zimowym, rozwijanie wra\u017cliwo\u015bci i empatii. Rozr\u00f3\u017cnianie i nazywanie wybranych zwierz\u0105t.<\/li>\n<li>Rozwijanie umiej\u0119tno\u015bci matematycznych przez przeliczanie do 5 i wi\u0119cej, u\u017cywanie liczebnik\u00f3w g\u0142\u00f3wnych oraz stosowanie poj\u0119\u0107 d\u0142ugi, kr\u00f3tki.<\/li>\n<li>Rozwijanie umiej\u0119tno\u015bci prawid\u0142owego wypowiadania si\u0119 na podany temat, analiza i synteza sylabowa wybranych wyraz\u00f3w o tematyce zimowej. Uwa\u017cne s\u0142uchanie utwor\u00f3w literackich, odpowiadanie na pytania zwi\u0105zane z utworem.<\/li>\n<li>Kszta\u0142towanie uczucia przywi\u0105zania i szacunku do os\u00f3b starszych.<\/li>\n<li>Zach\u0119canie do sp\u0119dzania wolnego czasu na wsp\u00f3lnych zabawach z babci\u0105 i dziadkiem, wzmacnianie wi\u0119zi emocjonalnej z rodzin\u0105.<\/li>\n<li>Przygotowania do wyst\u0119pu artystycznego z okazji Dnia Babci i Dziadka. Poznanie sposob\u00f3w radzenia sobie z trem\u0105 podczas wyst\u0119p\u00f3w na scenie.<\/li>\n<li>Rozwijanie umiej\u0119tno\u015bci radzenia sobie z r\u00f3\u017cnymi emocjami, kszta\u0142towanie umiej\u0119tno\u015bci rozpoznawania i nazywania uczu\u0107.<\/li>\n<li>Rozwijanie koordynacji ruchowej oraz umiej\u0119tno\u015bci poruszania si\u0119 przy muzyce; rozwijanie poczucia rytmu.<\/li>\n<li>Rozwijanie umiej\u0119tno\u015bci modulowania si\u0142y i wysoko\u015bci g\u0142osu, opanowanie tekst\u00f3w nowych piosenek i wierszyk\u00f3w.<\/li>\n<li>Pobudzanie i rozwijanie aktywno\u015bci tw\u00f3rczej oraz sprawno\u015bci manualnej, usprawnianie drobnych mi\u0119\u015bni d\u0142oni.<\/li>\n<\/ul>\n<p>&nbsp;<\/p>\n<p>&nbsp;<\/p>\n<p>[\/vc_column_text][\/vc_column][\/vc_row]<\/p>\n<\/div>","protected":false},"excerpt":{"rendered":"<p>[vc_row][vc_column][vc_column_text] Grupa 4 latki\u00a0 \u017bUCZKI &#8211; STYCZE\u0143 2023 &nbsp; Tematyka wiod\u0105ca: Mijaj\u0105 dni, miesi\u0105ce, lata. Zima i zwierz\u0119ta. Dzie\u0144 Babci i Dziadka. Emocje \u2013 jak sobie z nimi radzi\u0107. &nbsp; [&hellip;]<\/p>\n","protected":false},"author":178,"featured_media":4268,"comment_status":"closed","ping_status":"open","sticky":false,"template":"","format":"standard","meta":{"ngg_post_thumbnail":0,"footnotes":""},"categories":[22],"tags":[],"class_list":["post-4289","post","type-post","status-publish","format-standard","has-post-thumbnail","hentry","category-zuczki","clearfix"],"_links":{"self":[{"href":"https:\/\/przedszkole56.edu.wroclaw.pl\/index.php\/wp-json\/wp\/v2\/posts\/4289","targetHints":{"allow":["GET"]}}],"collection":[{"href":"https:\/\/przedszkole56.edu.wroclaw.pl\/index.php\/wp-json\/wp\/v2\/posts"}],"about":[{"href":"https:\/\/przedszkole56.edu.wroclaw.pl\/index.php\/wp-json\/wp\/v2\/types\/post"}],"author":[{"embeddable":true,"href":"https:\/\/przedszkole56.edu.wroclaw.pl\/index.php\/wp-json\/wp\/v2\/users\/178"}],"replies":[{"embeddable":true,"href":"https:\/\/przedszkole56.edu.wroclaw.pl\/index.php\/wp-json\/wp\/v2\/comments?post=4289"}],"version-history":[{"count":1,"href":"https:\/\/przedszkole56.edu.wroclaw.pl\/index.php\/wp-json\/wp\/v2\/posts\/4289\/revisions"}],"predecessor-version":[{"id":4290,"href":"https:\/\/przedszkole56.edu.wroclaw.pl\/index.php\/wp-json\/wp\/v2\/posts\/4289\/revisions\/4290"}],"wp:featuredmedia":[{"embeddable":true,"href":"https:\/\/przedszkole56.edu.wroclaw.pl\/index.php\/wp-json\/wp\/v2\/media\/4268"}],"wp:attachment":[{"href":"https:\/\/przedszkole56.edu.wroclaw.pl\/index.php\/wp-json\/wp\/v2\/media?parent=4289"}],"wp:term":[{"taxonomy":"category","embeddable":true,"href":"https:\/\/przedszkole56.edu.wroclaw.pl\/index.php\/wp-json\/wp\/v2\/categories?post=4289"},{"taxonomy":"post_tag","embeddable":true,"href":"https:\/\/przedszkole56.edu.wroclaw.pl\/index.php\/wp-json\/wp\/v2\/tags?post=4289"}],"curies":[{"name":"wp","href":"https:\/\/api.w.org\/{rel}","templated":true}]}}