
{"id":4285,"date":"2023-01-31T15:56:55","date_gmt":"2023-01-31T14:56:55","guid":{"rendered":"https:\/\/przedszkole56.edu.wroclaw.pl\/?p=4285"},"modified":"2023-01-31T15:56:55","modified_gmt":"2023-01-31T14:56:55","slug":"4285","status":"publish","type":"post","link":"https:\/\/przedszkole56.edu.wroclaw.pl\/index.php\/2023\/01\/31\/4285\/","title":{"rendered":""},"content":{"rendered":"<div class=\"wpb-content-wrapper\"><p>[vc_row][vc_column][vc_column_text]<strong>Plan pracy wychowawczo-dydaktycznej dla grupy<\/strong><\/p>\n<p><strong>\u00a0 \u00a0 \u00a0 \u00a0 \u00a0 \u00a0 \u00a0 \u00a0 \u00a0Chrz\u0105szcze na miesi\u0105c Stycze\u0144<\/strong><\/p>\n<p><strong>\u00a0<\/strong><\/p>\n<p><strong>\u00a0<\/strong><\/p>\n<p><strong>Tematy tygodnia:<\/strong><\/p>\n<p><strong>\u00a0 <\/strong><\/p>\n<p><strong>Tydzie\u0144 I\u00a0\u00a0\u00a0\u00a0\u00a0 Mijaj\u0105 dni, miesi\u0105ce<\/strong><\/p>\n<p><strong>\u00a0<\/strong><\/p>\n<p><strong>Tydzie\u0144 II\u00a0\u00a0\u00a0\u00a0 Karnawa\u0142<\/strong><\/p>\n<p><strong>\u00a0<\/strong><\/p>\n<p><strong>Tydzie\u0144 III\u00a0\u00a0\u00a0 Odwiedzili nas babcia i dziadek<\/strong><\/p>\n<p><strong>\u00a0<\/strong><\/p>\n<p><strong>Tydzie\u0144\u00a0 IV\u00a0\u00a0 Mass media<\/strong><\/p>\n<p><strong>\u00a0<\/strong><\/p>\n<p><strong>\u00a0<\/strong><\/p>\n<p><strong>\u00a0<\/strong><\/p>\n<p><strong>Mijaj\u0105 dni, miesi\u0105ce.<\/strong><\/p>\n<p><strong>\u00a0<\/strong><\/p>\n<p><u>Cele og\u00f3lne:<\/u><\/p>\n<p><u>\u00a0<\/u><\/p>\n<ul>\n<li>rozwijanie s\u0142uchu fonematycznego<\/li>\n<li>zapoznanie z zapisem graficznym litery r, R<\/li>\n<li>rozwijanie aktywno\u015bci badawczej<\/li>\n<li>rozwijanie sprawno\u015bci fizycznej<\/li>\n<li>rozwijanie aktywno\u015bci muzyczno-ruchowej<\/li>\n<li>odkrywanie zapisu cyfrowego liczby 7<\/li>\n<li>rozwijanie umiej\u0119tno\u015bci liczenia<\/li>\n<li>rozwijanie sprawno\u015bci manualnej<\/li>\n<\/ul>\n<p>&nbsp;<\/p>\n<p><strong>Karnawa\u0142.<\/strong><\/p>\n<p>&nbsp;<\/p>\n<p><u>Cele og\u00f3lne:<\/u><\/p>\n<ul>\n<li>rozwijanie mowy<\/li>\n<li>rozwijanie s\u0142uchu fonematycznego<\/li>\n<li>zapoznanie z zapisem graficznym litery s, S<\/li>\n<li>rozwijanie aktywno\u015bci badawczej<\/li>\n<li>rozwijanie zainteresowa\u0144 karnawa\u0142em i tradycjami z nim zwi\u0105zanymi<\/li>\n<li>zapoznanie z graficznym znakiem dodawania<\/li>\n<li>rozwijanie sprawno\u015bci fizycznej<\/li>\n<li>rozwijanie sprawno\u015bci muzyczno-ruchowej<\/li>\n<\/ul>\n<p>&nbsp;<\/p>\n<p><strong>Odwiedzili nas babcia i dziadek<\/strong><\/p>\n<p><strong>\u00a0<\/strong><\/p>\n<p><u>Cele og\u00f3lne:<\/u><\/p>\n<ul>\n<li>rozwijanie mowy<\/li>\n<li>zapoznanie z zapisem graficznym litery n, N<\/li>\n<li>rozwijanie aktywno\u015bci badawczej, wyja\u015bnienie znaczenia drzewa genealogicznego<\/li>\n<li>rozwijanie sprawno\u015bci fizycznej<\/li>\n<li>rozwijanie umiej\u0119tno\u015bci liczenia; dodawanie i por\u00f3wnywanie liczb w zakresie 7<\/li>\n<li>rozwijanie sprawno\u015bci manualnej<\/li>\n<\/ul>\n<p>&nbsp;<\/p>\n<p>&nbsp;<\/p>\n<p>&nbsp;<\/p>\n<p>&nbsp;<\/p>\n<p><strong>Mass media.<\/strong><\/p>\n<p><strong>\u00a0<\/strong><\/p>\n<p><u>Cele og\u00f3lne:<\/u><\/p>\n<ul>\n<li>przybli\u017cenie nazw mass medi\u00f3w<\/li>\n<li>rozwijanie mowy<\/li>\n<li>rozwijanie sprawno\u015bci fizycznej<\/li>\n<li>rozwijanie aktywno\u015bci poznawczej i badawczej<\/li>\n<li>rozwijanie orientacji w schemacie w\u0142asnego cia\u0142a i w przestrzeni<\/li>\n<li>rozwijanie kreatywno\u015bci i wyobra\u017ani<\/li>\n<li>rozwijanie orientacji przestrzennej i umiej\u0119tno\u015bci liczenia<\/li>\n<li>rozwijanie umiej\u0119tno\u015bci manualnej<\/li>\n<\/ul>\n<p><u>\u00a0<\/u><\/p>\n<p>&nbsp;<\/p>\n<p>&nbsp;<\/p>\n<p>&nbsp;<\/p>\n<p>&nbsp;<\/p>\n<p><strong>\u00a0<\/strong><\/p>\n<p><strong>\u00a0\u00a0\u00a0 <\/strong><\/p>\n<p><strong>\u00a0<\/strong><\/p>\n<p><strong>\u00a0<\/strong><\/p>\n<p><strong>\u00a0<\/strong>[\/vc_column_text][\/vc_column][\/vc_row]<\/p>\n<\/div>","protected":false},"excerpt":{"rendered":"<p>[vc_row][vc_column][vc_column_text]Plan pracy wychowawczo-dydaktycznej dla grupy \u00a0 \u00a0 \u00a0 \u00a0 \u00a0 \u00a0 \u00a0 \u00a0 \u00a0Chrz\u0105szcze na miesi\u0105c Stycze\u0144 \u00a0 \u00a0 Tematy tygodnia: \u00a0 Tydzie\u0144 I\u00a0\u00a0\u00a0\u00a0\u00a0 Mijaj\u0105 dni, miesi\u0105ce \u00a0 Tydzie\u0144 II\u00a0\u00a0\u00a0\u00a0 [&hellip;]<\/p>\n","protected":false},"author":178,"featured_media":4268,"comment_status":"closed","ping_status":"open","sticky":false,"template":"","format":"standard","meta":{"ngg_post_thumbnail":0,"footnotes":""},"categories":[7],"tags":[],"class_list":["post-4285","post","type-post","status-publish","format-standard","has-post-thumbnail","hentry","category-chrzaszcze","clearfix"],"_links":{"self":[{"href":"https:\/\/przedszkole56.edu.wroclaw.pl\/index.php\/wp-json\/wp\/v2\/posts\/4285","targetHints":{"allow":["GET"]}}],"collection":[{"href":"https:\/\/przedszkole56.edu.wroclaw.pl\/index.php\/wp-json\/wp\/v2\/posts"}],"about":[{"href":"https:\/\/przedszkole56.edu.wroclaw.pl\/index.php\/wp-json\/wp\/v2\/types\/post"}],"author":[{"embeddable":true,"href":"https:\/\/przedszkole56.edu.wroclaw.pl\/index.php\/wp-json\/wp\/v2\/users\/178"}],"replies":[{"embeddable":true,"href":"https:\/\/przedszkole56.edu.wroclaw.pl\/index.php\/wp-json\/wp\/v2\/comments?post=4285"}],"version-history":[{"count":1,"href":"https:\/\/przedszkole56.edu.wroclaw.pl\/index.php\/wp-json\/wp\/v2\/posts\/4285\/revisions"}],"predecessor-version":[{"id":4286,"href":"https:\/\/przedszkole56.edu.wroclaw.pl\/index.php\/wp-json\/wp\/v2\/posts\/4285\/revisions\/4286"}],"wp:featuredmedia":[{"embeddable":true,"href":"https:\/\/przedszkole56.edu.wroclaw.pl\/index.php\/wp-json\/wp\/v2\/media\/4268"}],"wp:attachment":[{"href":"https:\/\/przedszkole56.edu.wroclaw.pl\/index.php\/wp-json\/wp\/v2\/media?parent=4285"}],"wp:term":[{"taxonomy":"category","embeddable":true,"href":"https:\/\/przedszkole56.edu.wroclaw.pl\/index.php\/wp-json\/wp\/v2\/categories?post=4285"},{"taxonomy":"post_tag","embeddable":true,"href":"https:\/\/przedszkole56.edu.wroclaw.pl\/index.php\/wp-json\/wp\/v2\/tags?post=4285"}],"curies":[{"name":"wp","href":"https:\/\/api.w.org\/{rel}","templated":true}]}}