
{"id":4277,"date":"2023-01-31T15:50:53","date_gmt":"2023-01-31T14:50:53","guid":{"rendered":"https:\/\/przedszkole56.edu.wroclaw.pl\/?p=4277"},"modified":"2023-01-31T15:50:53","modified_gmt":"2023-01-31T14:50:53","slug":"4277","status":"publish","type":"post","link":"https:\/\/przedszkole56.edu.wroclaw.pl\/index.php\/2023\/01\/31\/4277\/","title":{"rendered":""},"content":{"rendered":"<div class=\"wpb-content-wrapper\"><p>[vc_row][vc_column][vc_column_text]<strong>Zamierzenia wychowawczo \u2013 dydaktyczne na stycze\u0144 \u00a0MOTYLKI<\/strong><\/p>\n<p>&nbsp;<\/p>\n<p><strong>Tydzie\u0144 I \u00a0\u00a0<\/strong><\/p>\n<p><strong>Zwierz\u0119ta s\u0105 g\u0142odne<\/strong><\/p>\n<ol>\n<li>Ptaszki w karmniku<\/li>\n<li>Ile jest ptaszk\u00f3w?<\/li>\n<li>Ptaszek z k\u00f3\u0142<\/li>\n<li>Kto pomaga zwierz\u0119tom w zimie?<\/li>\n<li>\u0106wir, \u0107wir, \u0107wir<\/li>\n<\/ol>\n<p><strong>Tydzie\u0144 II<\/strong><\/p>\n<p><strong>Zimo, baw si\u0119 z nami<\/strong><\/p>\n<ol>\n<li>Coraz wi\u0119cej \u015bniegu<\/li>\n<li>Zimowy obrazek<\/li>\n<li>Ba\u0142wanek<\/li>\n<li>Bezpieczne zabawy na \u015bniegu<\/li>\n<li>Zimowe wyliczanki<\/li>\n<\/ol>\n<p><strong>Tydzie\u0144 III \u00a0<\/strong><\/p>\n<p><strong>Babcia i dziadek<\/strong><\/p>\n<ol>\n<li>Nasi dziadkowie<\/li>\n<li>\u015apiewamy piosenk\u0119 babci i dziadkowi<\/li>\n<li>Pomagamy starszym osobom<\/li>\n<li>Kwiaty dla babci i dziadka<\/li>\n<li>Dla babci i dziadka<\/li>\n<\/ol>\n<p><strong>Tydzie\u0144 IV<\/strong><\/p>\n<p><strong>\u00a0Jeste\u015bmy samodzielni w kuchni<\/strong><\/p>\n<ol>\n<li>W przedszkolnej kuchni<\/li>\n<li>Kolorowe kanapki<\/li>\n<li>Z mam\u0105 w kuchni<\/li>\n<li>Potrafimy zachowa\u0107 si\u0119 przy stole<\/li>\n<li>\u0141y\u017cka i widelec<\/li>\n<\/ol>\n<p><strong>Piosenka ,, Ba\u0142wanek\u2019\u2019 <\/strong>(s\u0142. i muz. Bo\u017cena Forma)<\/p>\n<p><strong>\u00a0<\/strong><\/p>\n<ol>\n<li>Ulepi\u0142a zima<\/li>\n<\/ol>\n<p>dla dzieci ba\u0142wanka,<\/p>\n<p>wszyscy si\u0119 raduj\u0105<\/p>\n<p>od samego ranka.<\/p>\n<p>Ref.: Ta\u0144czy, ta\u0144czy z nami<\/p>\n<p>mro\u017ana pani zima,<\/p>\n<p>ta\u0144czy\u0107 nagle z zim\u0105<\/p>\n<p>ba\u0142wanek zaczyna.<\/p>\n<p>&nbsp;<\/p>\n<ol>\n<li>Stoj\u0105 dzieci w kole,<\/li>\n<\/ol>\n<p>piosenk\u0119 \u015bpiewaj\u0105,<\/p>\n<p>prezent dla ba\u0142wanka<\/p>\n<p>bardzo \u0142adny maj\u0105.<\/p>\n<p>Ref.: Ta\u0144czy, ta\u0144czy<\/p>\n<p>&nbsp;<\/p>\n<ul>\n<li>Kolorow\u0105 czapk\u0119,<\/li>\n<\/ul>\n<p>szalik kolorowy<\/p>\n<p>oraz zaproszenie<\/p>\n<p>na koncert zimowy .<\/p>\n<p>[\/vc_column_text][\/vc_column][\/vc_row]<\/p>\n<\/div>","protected":false},"excerpt":{"rendered":"<p>[vc_row][vc_column][vc_column_text]Zamierzenia wychowawczo \u2013 dydaktyczne na stycze\u0144 \u00a0MOTYLKI &nbsp; Tydzie\u0144 I \u00a0\u00a0 Zwierz\u0119ta s\u0105 g\u0142odne Ptaszki w karmniku Ile jest ptaszk\u00f3w? Ptaszek z k\u00f3\u0142 Kto pomaga zwierz\u0119tom w zimie? \u0106wir, \u0107wir, [&hellip;]<\/p>\n","protected":false},"author":178,"featured_media":4268,"comment_status":"closed","ping_status":"open","sticky":false,"template":"","format":"standard","meta":{"ngg_post_thumbnail":0,"footnotes":""},"categories":[10],"tags":[],"class_list":["post-4277","post","type-post","status-publish","format-standard","has-post-thumbnail","hentry","category-motylki","clearfix"],"_links":{"self":[{"href":"https:\/\/przedszkole56.edu.wroclaw.pl\/index.php\/wp-json\/wp\/v2\/posts\/4277","targetHints":{"allow":["GET"]}}],"collection":[{"href":"https:\/\/przedszkole56.edu.wroclaw.pl\/index.php\/wp-json\/wp\/v2\/posts"}],"about":[{"href":"https:\/\/przedszkole56.edu.wroclaw.pl\/index.php\/wp-json\/wp\/v2\/types\/post"}],"author":[{"embeddable":true,"href":"https:\/\/przedszkole56.edu.wroclaw.pl\/index.php\/wp-json\/wp\/v2\/users\/178"}],"replies":[{"embeddable":true,"href":"https:\/\/przedszkole56.edu.wroclaw.pl\/index.php\/wp-json\/wp\/v2\/comments?post=4277"}],"version-history":[{"count":1,"href":"https:\/\/przedszkole56.edu.wroclaw.pl\/index.php\/wp-json\/wp\/v2\/posts\/4277\/revisions"}],"predecessor-version":[{"id":4278,"href":"https:\/\/przedszkole56.edu.wroclaw.pl\/index.php\/wp-json\/wp\/v2\/posts\/4277\/revisions\/4278"}],"wp:featuredmedia":[{"embeddable":true,"href":"https:\/\/przedszkole56.edu.wroclaw.pl\/index.php\/wp-json\/wp\/v2\/media\/4268"}],"wp:attachment":[{"href":"https:\/\/przedszkole56.edu.wroclaw.pl\/index.php\/wp-json\/wp\/v2\/media?parent=4277"}],"wp:term":[{"taxonomy":"category","embeddable":true,"href":"https:\/\/przedszkole56.edu.wroclaw.pl\/index.php\/wp-json\/wp\/v2\/categories?post=4277"},{"taxonomy":"post_tag","embeddable":true,"href":"https:\/\/przedszkole56.edu.wroclaw.pl\/index.php\/wp-json\/wp\/v2\/tags?post=4277"}],"curies":[{"name":"wp","href":"https:\/\/api.w.org\/{rel}","templated":true}]}}