
{"id":4275,"date":"2023-01-31T15:49:27","date_gmt":"2023-01-31T14:49:27","guid":{"rendered":"https:\/\/przedszkole56.edu.wroclaw.pl\/?p=4275"},"modified":"2023-01-31T15:49:27","modified_gmt":"2023-01-31T14:49:27","slug":"4275","status":"publish","type":"post","link":"https:\/\/przedszkole56.edu.wroclaw.pl\/index.php\/2023\/01\/31\/4275\/","title":{"rendered":""},"content":{"rendered":"<div class=\"wpb-content-wrapper\"><p>[vc_row][vc_column][vc_column_text]Plan pracy dydaktyczno-wychowawczej na m-c\u00a0 Stycze\u0144 w gr. Je\u017cyki<\/p>\n<p>&nbsp;<\/p>\n<p>&nbsp;<\/p>\n<p><strong>Tematy kompleksowe:<\/strong><\/p>\n<p><strong>I.<\/strong>Mro\u017ana zima<\/p>\n<p>II.Zim\u0105 pami\u0119tamy o ptakach.<\/p>\n<p>III.Kochani Dziadkowie!<\/p>\n<p>IV.Pani Kucharka<\/p>\n<p>&nbsp;<\/p>\n<p>Ad1. i Ad2.<\/p>\n<p>-Obserwowanie zmian zachodz\u0105cych zim\u0105 w przyrodzie.<\/p>\n<p>-Rozwijanie ekspresji tw\u00f3rczej.<\/p>\n<p>&#8211; Wyra\u017canie emocji przez taniec, gesty , mimik\u0119 twarzy.<\/p>\n<p>&#8211; Nazywanie emocji swoich i innych ludzi.<\/p>\n<p>-Rozwijanie sprawno\u015bci manualnej.<\/p>\n<p>-Wdra\u017canie do doprowadzenia pracy do ko\u0144ca.<\/p>\n<p>&#8211; Rozwijanie wyobra\u017ani poprzez pokazywanie czynno\u015bci.<\/p>\n<p>-Rozwi\u0105zywanie zagadek.<\/p>\n<p>-rozumienie wyra\u017cenia sople lodowe, rozumienie niebezpiecze\u0144stwa zwi\u0105zanego ze spadaj\u0105cymi\u00a0 z dachu soplami.<\/p>\n<p>&#8211; Wdra\u017canie zasad bezpiecznej zabawy na \u015bniegu i lodzie.<\/p>\n<p>&#8211; Poznanie wygl\u0105du sikorki, go\u0142\u0119bia i wr\u00f3bla.<\/p>\n<p>-Rozumienie potrzeby dokarmiania ptak\u00f3w zim\u0105.<\/p>\n<p>-Poznanie nazw pokarmu dla ptak\u00f3w.<\/p>\n<p>-Rozwijanie spostrzegawczo\u015bci s\u0142uchowej, rozpoznawanie<\/p>\n<p>i przyporz\u0105dkowywanie do obrazka g\u0142os\u00f3w ptak\u00f3w.<\/p>\n<p>&nbsp;<\/p>\n<p>Ad3.<\/p>\n<p>-Wdra\u017canie w\u0142a\u015bciwych postaw w stosunku do os\u00f3b starszych: m\u00f3wienie dzie\u0144 dobry, ust\u0119powania miejsca w tramwaju, u\u017cywania s\u0142\u00f3w i zwrot\u00f3w grzeczno\u015bciowych.<\/p>\n<p>&#8211; U\u015bwiadomienie wa\u017cnej roli dziadk\u00f3w w \u017cyciu dzieci<\/p>\n<p>-Rozpoznawanie i nazywanie figur geometrycznych.<\/p>\n<p>-\u0106wiczenie pami\u0119ci.<\/p>\n<p>&#8211; Rozwijanie poczucia rytmu.<\/p>\n<p>&nbsp;<\/p>\n<p>Ad4.<\/p>\n<p>-Wdra\u017canie zdrowych nawyk\u00f3w \u017cywieniowych, mycia owoc\u00f3w i warzyw przed spo\u017cyciem.<\/p>\n<p>&#8211; U\u015bwiadomienie roli owoc\u00f3w i warzyw dla cz\u0142owieka<\/p>\n<p>-U\u015bwiadomienie skutk\u00f3w nadmiernego spo\u017cywania s\u0142odyczy, napoi gazowanych.<\/p>\n<p>-Poznanie zawodu kucharza, sztu\u0107c\u00f3w i naczy\u0144 , kt\u00f3re u\u017cywa si\u0119 w kuchni.<\/p>\n<p>-Poznanie znaczenia przys\u0142owia ,, Gdzie kucharek sze\u015b\u0107 , tam nie ma co je\u015b\u0107\u201d.<\/p>\n<p>-Wdra\u017canie cichego spo\u017cywania posi\u0142k\u00f3w, u\u017cywania s\u0142\u00f3w i zwrot\u00f3w grzeczno\u015bciowych.[\/vc_column_text][\/vc_column][\/vc_row]<\/p>\n<\/div>","protected":false},"excerpt":{"rendered":"<p>[vc_row][vc_column][vc_column_text]Plan pracy dydaktyczno-wychowawczej na m-c\u00a0 Stycze\u0144 w gr. Je\u017cyki &nbsp; &nbsp; Tematy kompleksowe: I.Mro\u017ana zima II.Zim\u0105 pami\u0119tamy o ptakach. III.Kochani Dziadkowie! IV.Pani Kucharka &nbsp; Ad1. i Ad2. -Obserwowanie zmian zachodz\u0105cych [&hellip;]<\/p>\n","protected":false},"author":178,"featured_media":4268,"comment_status":"closed","ping_status":"open","sticky":false,"template":"","format":"standard","meta":{"ngg_post_thumbnail":0,"footnotes":""},"categories":[8],"tags":[],"class_list":["post-4275","post","type-post","status-publish","format-standard","has-post-thumbnail","hentry","category-jezyki","clearfix"],"_links":{"self":[{"href":"https:\/\/przedszkole56.edu.wroclaw.pl\/index.php\/wp-json\/wp\/v2\/posts\/4275","targetHints":{"allow":["GET"]}}],"collection":[{"href":"https:\/\/przedszkole56.edu.wroclaw.pl\/index.php\/wp-json\/wp\/v2\/posts"}],"about":[{"href":"https:\/\/przedszkole56.edu.wroclaw.pl\/index.php\/wp-json\/wp\/v2\/types\/post"}],"author":[{"embeddable":true,"href":"https:\/\/przedszkole56.edu.wroclaw.pl\/index.php\/wp-json\/wp\/v2\/users\/178"}],"replies":[{"embeddable":true,"href":"https:\/\/przedszkole56.edu.wroclaw.pl\/index.php\/wp-json\/wp\/v2\/comments?post=4275"}],"version-history":[{"count":1,"href":"https:\/\/przedszkole56.edu.wroclaw.pl\/index.php\/wp-json\/wp\/v2\/posts\/4275\/revisions"}],"predecessor-version":[{"id":4276,"href":"https:\/\/przedszkole56.edu.wroclaw.pl\/index.php\/wp-json\/wp\/v2\/posts\/4275\/revisions\/4276"}],"wp:featuredmedia":[{"embeddable":true,"href":"https:\/\/przedszkole56.edu.wroclaw.pl\/index.php\/wp-json\/wp\/v2\/media\/4268"}],"wp:attachment":[{"href":"https:\/\/przedszkole56.edu.wroclaw.pl\/index.php\/wp-json\/wp\/v2\/media?parent=4275"}],"wp:term":[{"taxonomy":"category","embeddable":true,"href":"https:\/\/przedszkole56.edu.wroclaw.pl\/index.php\/wp-json\/wp\/v2\/categories?post=4275"},{"taxonomy":"post_tag","embeddable":true,"href":"https:\/\/przedszkole56.edu.wroclaw.pl\/index.php\/wp-json\/wp\/v2\/tags?post=4275"}],"curies":[{"name":"wp","href":"https:\/\/api.w.org\/{rel}","templated":true}]}}