
{"id":3895,"date":"2022-10-05T20:29:32","date_gmt":"2022-10-05T18:29:32","guid":{"rendered":"https:\/\/przedszkole56.edu.wroclaw.pl\/?p=3895"},"modified":"2022-10-05T20:29:32","modified_gmt":"2022-10-05T18:29:32","slug":"pazdziernik-w-grupie-motylki","status":"publish","type":"post","link":"https:\/\/przedszkole56.edu.wroclaw.pl\/index.php\/2022\/10\/05\/pazdziernik-w-grupie-motylki\/","title":{"rendered":"Pa\u017adziernik w grupie Motylki"},"content":{"rendered":"<div class=\"wpb-content-wrapper\"><p>[vc_row][vc_column][vc_column_text]<strong>Zamierzenia wychowawczo \u2013 dydaktyczne na Pa\u017adziernik MOTYLKI<\/strong><\/p>\n<p><strong>Tematyka zaj\u0119\u0107:\u00a0\u00a0\u00a0\u00a0\u00a0\u00a0\u00a0\u00a0\u00a0\u00a0\u00a0\u00a0\u00a0\u00a0\u00a0\u00a0\u00a0\u00a0\u00a0\u00a0\u00a0 <\/strong><\/p>\n<p><strong>Tydzie\u0144 I \u00a0\u00a0&#8211;\u00a0 Nadesz\u0142a jesie\u0144<\/strong><\/p>\n<p><strong>Tydzie\u0144 II &#8211;\u00a0\u00a0\u00a0Smaczne warzywa<\/strong><\/p>\n<p><strong>Tydzie\u0144 III \u00a0&#8211; Co robi\u0105 zwierz\u0119ta jesieni\u0105<\/strong><\/p>\n<p><strong>Tydzie\u0144 IV &#8211;\u00a0\u00a0Pada deszcz<\/strong><\/p>\n<p>&nbsp;<\/p>\n<p><strong>Tydzie\u0144 I \u00a0\u00a0 <\/strong><\/p>\n<p><strong>Nadesz\u0142a jesie\u0144<\/strong><\/p>\n<p>&nbsp;<\/p>\n<ol>\n<li>Lec\u0105 li\u015bcie<\/li>\n<li>Bukiet z li\u015bci<\/li>\n<li>Nasze drzewa<\/li>\n<li>Jesienne zabawy przy piosence<\/li>\n<li>Szal pani Jesieni&#8230;..<\/li>\n<\/ol>\n<p>&nbsp;<\/p>\n<p><strong>Tydzie\u0144 II\u00a0 <\/strong><\/p>\n<p><strong>Smaczne warzywa<\/strong><\/p>\n<p>&nbsp;<\/p>\n<ol>\n<li>Lubimy warzywa<\/li>\n<li>Jesienne kwiaty Dzie\u0144<\/li>\n<li>Kolorowe warzywa<\/li>\n<li>\u015apiewam o warzywach<\/li>\n<li>Kupujemy warzywa i owoce&#8230;<\/li>\n<\/ol>\n<p>&nbsp;<\/p>\n<p><strong>Tydzie\u0144 III \u00a0<\/strong><\/p>\n<p><strong>Co robi\u0105 zwierz\u0119ta jesieni\u0105<\/strong><\/p>\n<p><strong>\u00a0<\/strong><\/p>\n<ol>\n<li>Oto je\u017c<\/li>\n<li>Kto mieszka w lesie?<\/li>\n<li>Weso\u0142y je\u017c<\/li>\n<li>Ruda wiewi\u00f3reczka<\/li>\n<li>Liczymy, li\u015bcie, kasztany, \u017co\u0142\u0119dzie&#8230;.<\/li>\n<\/ol>\n<p><strong>\u00a0<\/strong><\/p>\n<p><strong>Tydzie\u0144 IV <\/strong><\/p>\n<p><strong>\u00a0Pada deszcz<\/strong><\/p>\n<p>&nbsp;<\/p>\n<ol>\n<li>Odg\u0142osy deszczu<\/li>\n<li>Trzy parasole<\/li>\n<li>Chmurki i deszcz<\/li>\n<li>Bawimy si\u0119, gdy pada deszcz.<\/li>\n<li>Rozmarzone kalosze<\/li>\n<\/ol>\n<p>&nbsp;<\/p>\n<p><strong>Piosenka ,, Li\u015bcie w parku \u2018\u2019(s\u0142. i muz. Bo\u017cena Forma).<\/strong><\/p>\n<p><strong>\u00a0<\/strong><\/p>\n<ol>\n<li>W parku wsz\u0119dzie li\u015bcie,<\/li>\n<\/ol>\n<p>li\u015bcie kolorowe<\/p>\n<p>spadaj\u0105 na traw\u0119,<\/p>\n<p>spadaj\u0105 na g\u0142ow\u0119.<\/p>\n<p>&nbsp;<\/p>\n<p>Ref.: Szu, szu, szu, sza, sza, sza,<\/p>\n<p>wiatr nam \u015bpiewa, wiatr nam gra,<\/p>\n<p>szu, szu, szu, sza, sza, sza,<\/p>\n<p>wiatr piosenk\u0119 dzieciom gra.<\/p>\n<p>&nbsp;<\/p>\n<ol>\n<li>Zbiera je Anetka,<\/li>\n<\/ol>\n<p>zbiera Karolina.<\/p>\n<p>Nagle wiatr jesienny<\/p>\n<p>powiewa\u0107 zaczyna.<\/p>\n<p>&nbsp;<\/p>\n<p>Ref.: Szu, szu\u2026<\/p>\n<p>&nbsp;<\/p>\n<ul>\n<li>Zata\u0144czy\u0142y dzieci,<\/li>\n<\/ul>\n<p>weso\u0142o si\u0119 \u015bmiej\u0105,<\/p>\n<p>\u015bwietna to zabawa<\/p>\n<p>z wiatrem i jesieni\u0105.<\/p>\n<p>&nbsp;<\/p>\n<p>Ref.: Szu, szu<\/p>\n<p>&nbsp;<\/p>\n<p>&nbsp;<\/p>\n<p>[\/vc_column_text][\/vc_column][\/vc_row]<\/p>\n<\/div>","protected":false},"excerpt":{"rendered":"<p>[vc_row][vc_column][vc_column_text]Zamierzenia wychowawczo \u2013 dydaktyczne na Pa\u017adziernik MOTYLKI Tematyka zaj\u0119\u0107:\u00a0\u00a0\u00a0\u00a0\u00a0\u00a0\u00a0\u00a0\u00a0\u00a0\u00a0\u00a0\u00a0\u00a0\u00a0\u00a0\u00a0\u00a0\u00a0\u00a0\u00a0 Tydzie\u0144 I \u00a0\u00a0&#8211;\u00a0 Nadesz\u0142a jesie\u0144 Tydzie\u0144 II &#8211;\u00a0\u00a0\u00a0Smaczne warzywa Tydzie\u0144 III \u00a0&#8211; Co robi\u0105 zwierz\u0119ta jesieni\u0105 Tydzie\u0144 IV &#8211;\u00a0\u00a0Pada deszcz &nbsp; [&hellip;]<\/p>\n","protected":false},"author":178,"featured_media":3896,"comment_status":"closed","ping_status":"open","sticky":false,"template":"","format":"standard","meta":{"ngg_post_thumbnail":0,"footnotes":""},"categories":[10],"tags":[],"class_list":["post-3895","post","type-post","status-publish","format-standard","has-post-thumbnail","hentry","category-motylki","clearfix"],"_links":{"self":[{"href":"https:\/\/przedszkole56.edu.wroclaw.pl\/index.php\/wp-json\/wp\/v2\/posts\/3895","targetHints":{"allow":["GET"]}}],"collection":[{"href":"https:\/\/przedszkole56.edu.wroclaw.pl\/index.php\/wp-json\/wp\/v2\/posts"}],"about":[{"href":"https:\/\/przedszkole56.edu.wroclaw.pl\/index.php\/wp-json\/wp\/v2\/types\/post"}],"author":[{"embeddable":true,"href":"https:\/\/przedszkole56.edu.wroclaw.pl\/index.php\/wp-json\/wp\/v2\/users\/178"}],"replies":[{"embeddable":true,"href":"https:\/\/przedszkole56.edu.wroclaw.pl\/index.php\/wp-json\/wp\/v2\/comments?post=3895"}],"version-history":[{"count":1,"href":"https:\/\/przedszkole56.edu.wroclaw.pl\/index.php\/wp-json\/wp\/v2\/posts\/3895\/revisions"}],"predecessor-version":[{"id":3897,"href":"https:\/\/przedszkole56.edu.wroclaw.pl\/index.php\/wp-json\/wp\/v2\/posts\/3895\/revisions\/3897"}],"wp:featuredmedia":[{"embeddable":true,"href":"https:\/\/przedszkole56.edu.wroclaw.pl\/index.php\/wp-json\/wp\/v2\/media\/3896"}],"wp:attachment":[{"href":"https:\/\/przedszkole56.edu.wroclaw.pl\/index.php\/wp-json\/wp\/v2\/media?parent=3895"}],"wp:term":[{"taxonomy":"category","embeddable":true,"href":"https:\/\/przedszkole56.edu.wroclaw.pl\/index.php\/wp-json\/wp\/v2\/categories?post=3895"},{"taxonomy":"post_tag","embeddable":true,"href":"https:\/\/przedszkole56.edu.wroclaw.pl\/index.php\/wp-json\/wp\/v2\/tags?post=3895"}],"curies":[{"name":"wp","href":"https:\/\/api.w.org\/{rel}","templated":true}]}}