
{"id":3893,"date":"2022-10-05T20:19:16","date_gmt":"2022-10-05T18:19:16","guid":{"rendered":"https:\/\/przedszkole56.edu.wroclaw.pl\/?p=3893"},"modified":"2022-10-05T20:19:16","modified_gmt":"2022-10-05T18:19:16","slug":"wrzesien-w-grupie-zajaczki","status":"publish","type":"post","link":"https:\/\/przedszkole56.edu.wroclaw.pl\/index.php\/2022\/10\/05\/wrzesien-w-grupie-zajaczki\/","title":{"rendered":"Wrzesie\u0144 w grupie Zaj\u0105czki"},"content":{"rendered":"<div class=\"wpb-content-wrapper\"><p>[vc_row][vc_column][vc_column_text]<\/p>\n<ul>\n<li>Ustalamy zasady panuj\u0105ce w grupie.<\/li>\n<li>Ustalamy zasady panuj\u0105ce na placu zabaw.<\/li>\n<li>Uk\u0142adamy wzory z kamyczk\u00f3w, przeliczamy, odzwierciedlamy wz\u00f3r.<\/li>\n<li>Lepimy, ugniatamy, wa\u0142kujemy \u2013 zabawy sensoryczne.<\/li>\n<li>Utrwalamy nazwy pomieszcze\u0144, kt\u00f3re znajduj\u0105 si\u0119 w przedszkolu.<\/li>\n<li>Uczymy si\u0119 u\u017cywa\u0107 zwrot\u00f3w grzeczno\u015bciowych.<\/li>\n<li>Rozmawiamy o uczuciach i emocjach.<\/li>\n<li>Poznajemy pory roku.<\/li>\n<li>Klasyfikujemy przedmioty ze wzgl\u0119du na kolor.<\/li>\n<li>Uczymy si\u0119 rozpoznawa\u0107 praw\u0105 i lew\u0105 stron\u0119 cia\u0142a.<\/li>\n<li>Robimy sa\u0142atk\u0119 owocow\u0105.<\/li>\n<li>Budujemy \u015bwiat z karton\u00f3w.<\/li>\n<li>Poznajemy znaczenie kolor\u00f3w na mapie.<\/li>\n<li>Rozwijamy poczucie w\u0142asnej warto\u015bci.<\/li>\n<li>Rozmawiamy o bezpiecze\u0144stwie na drodze.<\/li>\n<li>Poznajemy cz\u0119\u015bci cia\u0142a i potrzebie higieny.<\/li>\n<li>Poznajemy dary jesieni.<\/li>\n<\/ul>\n<p>&nbsp;<\/p>\n<p>Jesieni\u0105 li\u015bcie spadaj\u0105 z drzew<\/p>\n<p>I \u015bwiat jest kolorowy,<\/p>\n<p>A noc\u0105 tupta spokojnie je\u017c<\/p>\n<p>Kolcami przyozdobiony.<\/p>\n<p>Je\u017cu, chyba si\u0119 spieszysz?<\/p>\n<p>Bo nie masz czasu na rozmowy.<\/p>\n<p>Tak! Biegn\u0119, bo ju\u017c niebawem<\/p>\n<p>Zapadam w sen zimowy\u2026<\/p>\n<p>[\/vc_column_text][\/vc_column][\/vc_row]<\/p>\n<\/div>","protected":false},"excerpt":{"rendered":"<p>[vc_row][vc_column][vc_column_text] Ustalamy zasady panuj\u0105ce w grupie. Ustalamy zasady panuj\u0105ce na placu zabaw. Uk\u0142adamy wzory z kamyczk\u00f3w, przeliczamy, odzwierciedlamy wz\u00f3r. Lepimy, ugniatamy, wa\u0142kujemy \u2013 zabawy sensoryczne. Utrwalamy nazwy pomieszcze\u0144, kt\u00f3re znajduj\u0105 [&hellip;]<\/p>\n","protected":false},"author":178,"featured_media":2350,"comment_status":"closed","ping_status":"open","sticky":false,"template":"","format":"standard","meta":{"ngg_post_thumbnail":0,"footnotes":""},"categories":[20],"tags":[],"class_list":["post-3893","post","type-post","status-publish","format-standard","has-post-thumbnail","hentry","category-zajaczki","clearfix"],"_links":{"self":[{"href":"https:\/\/przedszkole56.edu.wroclaw.pl\/index.php\/wp-json\/wp\/v2\/posts\/3893","targetHints":{"allow":["GET"]}}],"collection":[{"href":"https:\/\/przedszkole56.edu.wroclaw.pl\/index.php\/wp-json\/wp\/v2\/posts"}],"about":[{"href":"https:\/\/przedszkole56.edu.wroclaw.pl\/index.php\/wp-json\/wp\/v2\/types\/post"}],"author":[{"embeddable":true,"href":"https:\/\/przedszkole56.edu.wroclaw.pl\/index.php\/wp-json\/wp\/v2\/users\/178"}],"replies":[{"embeddable":true,"href":"https:\/\/przedszkole56.edu.wroclaw.pl\/index.php\/wp-json\/wp\/v2\/comments?post=3893"}],"version-history":[{"count":1,"href":"https:\/\/przedszkole56.edu.wroclaw.pl\/index.php\/wp-json\/wp\/v2\/posts\/3893\/revisions"}],"predecessor-version":[{"id":3894,"href":"https:\/\/przedszkole56.edu.wroclaw.pl\/index.php\/wp-json\/wp\/v2\/posts\/3893\/revisions\/3894"}],"wp:featuredmedia":[{"embeddable":true,"href":"https:\/\/przedszkole56.edu.wroclaw.pl\/index.php\/wp-json\/wp\/v2\/media\/2350"}],"wp:attachment":[{"href":"https:\/\/przedszkole56.edu.wroclaw.pl\/index.php\/wp-json\/wp\/v2\/media?parent=3893"}],"wp:term":[{"taxonomy":"category","embeddable":true,"href":"https:\/\/przedszkole56.edu.wroclaw.pl\/index.php\/wp-json\/wp\/v2\/categories?post=3893"},{"taxonomy":"post_tag","embeddable":true,"href":"https:\/\/przedszkole56.edu.wroclaw.pl\/index.php\/wp-json\/wp\/v2\/tags?post=3893"}],"curies":[{"name":"wp","href":"https:\/\/api.w.org\/{rel}","templated":true}]}}