
{"id":3891,"date":"2022-10-05T20:17:24","date_gmt":"2022-10-05T18:17:24","guid":{"rendered":"https:\/\/przedszkole56.edu.wroclaw.pl\/?p=3891"},"modified":"2022-10-05T20:17:24","modified_gmt":"2022-10-05T18:17:24","slug":"wrzesien-w-grupie-zuczki","status":"publish","type":"post","link":"https:\/\/przedszkole56.edu.wroclaw.pl\/index.php\/2022\/10\/05\/wrzesien-w-grupie-zuczki\/","title":{"rendered":"Wrzesie\u0144 w grupie \u017buczki"},"content":{"rendered":"<div class=\"wpb-content-wrapper\"><p>[vc_row][vc_column][vc_column_text]<\/p>\n<h2>Grupa \u017bUCZKI \u2013 4 latki&#8211; WRZESIE\u0143 2022<\/h2>\n<p>&nbsp;<\/p>\n<p><strong><u>Tematyka wiod\u0105ca:<\/u><\/strong><\/p>\n<ol>\n<li><strong>To jestem ja.<\/strong><\/li>\n<li><strong>Moja grupa. <\/strong><\/li>\n<li><strong>Moja droga do przedszkola.<\/strong><\/li>\n<li><strong>Idzie jesie\u0144 przez las i park.<\/strong><\/li>\n<\/ol>\n<p>&nbsp;<\/p>\n<h2><u>Cele edukacyjne:<\/u><\/h2>\n<p>&nbsp;<\/p>\n<ul>\n<li>Poznawanie zasad bezpiecze\u0144stwa w budynku przedszkolnym oraz na placu zabaw.<\/li>\n<li>Poznanie zasad zabawy oraz wsp\u00f3\u0142dzia\u0142ania w grupie, poznawanie w\u0142a\u015bciwego sposobu zachowania w okre\u015blonych sytuacjach, stosowanie zwrot\u00f3w grzeczno\u015bciowych.<\/li>\n<li>Rozwijanie kompetencji spo\u0142ecznych w zakresie poznawania samego siebie i innych, kszta\u0142towanie orientacji w schemacie cia\u0142a.<\/li>\n<li>Uczestnictwo w zabawach przy piosence, reagowanie odpowiednimi ruchami na podane sygna\u0142y, samodzielne wykonywanie poznanych piosenek, rozwijanie dykcji i artykulacji.<\/li>\n<li>Utrwalanie nawyku utrzymywania prawid\u0142owej postawy, rozwijanie sprawno\u015bci ruchowej oraz koordynacji wzrokowo-s\u0142uchowej przez zabawy muzyczne i taneczne oraz \u0107wiczenia gimnastyczne.<\/li>\n<li>Zach\u0119canie do uwa\u017cnego s\u0142uchania nauczyciela, rozwijanie mowy, wypowiadanie si\u0119 na temat opowiada\u0144 i wierszy.<\/li>\n<li>Rozwijanie sprawno\u015bci manualnej oraz kreatywno\u015bci poprzez wykonywanie prac plastycznych, utrwalanie znajomo\u015bci kolor\u00f3w.<\/li>\n<li>Rozwijanie umiej\u0119tno\u015bci matematycznych, przeliczanie w zakresie dw\u00f3ch.<\/li>\n<li>Utrwalanie poj\u0119cia ko\u0142o, poznawanie charakterystycznych cech r\u00f3\u017cnych przedmiot\u00f3w.<\/li>\n<li>Rozwijanie orientacji przestrzennej poprzez okre\u015blanie po\u0142o\u017cenia zabawek w przestrzeni, rozwijanie spostrzegawczo\u015bci i pami\u0119ci wzrokowej.<\/li>\n<li>Rozwijanie umiej\u0119tno\u015bci kontrolowania emocji, nazywanie i opisywanie emocji.<\/li>\n<li>Zapoznanie z zasadami bezpiecznego poruszania si\u0119 po drodze oraz zasadami dzia\u0142ania sygnalizatora \u015bwietlnego.<\/li>\n<li>Dostrzeganie zmian zachodz\u0105cych w przyrodzie, utrwalanie charakterystycznych cech jesiennego krajobrazu, poznanie zasad zachowania si\u0119 w lesie oraz w parku.<\/li>\n<\/ul>\n<p>&nbsp;<\/p>\n<p>[\/vc_column_text][\/vc_column][\/vc_row]<\/p>\n<\/div>","protected":false},"excerpt":{"rendered":"<p>[vc_row][vc_column][vc_column_text] Grupa \u017bUCZKI \u2013 4 latki&#8211; WRZESIE\u0143 2022 &nbsp; Tematyka wiod\u0105ca: To jestem ja. Moja grupa. Moja droga do przedszkola. Idzie jesie\u0144 przez las i park. &nbsp; Cele edukacyjne: &nbsp; [&hellip;]<\/p>\n","protected":false},"author":178,"featured_media":2350,"comment_status":"closed","ping_status":"open","sticky":false,"template":"","format":"standard","meta":{"ngg_post_thumbnail":0,"footnotes":""},"categories":[22],"tags":[],"class_list":["post-3891","post","type-post","status-publish","format-standard","has-post-thumbnail","hentry","category-zuczki","clearfix"],"_links":{"self":[{"href":"https:\/\/przedszkole56.edu.wroclaw.pl\/index.php\/wp-json\/wp\/v2\/posts\/3891","targetHints":{"allow":["GET"]}}],"collection":[{"href":"https:\/\/przedszkole56.edu.wroclaw.pl\/index.php\/wp-json\/wp\/v2\/posts"}],"about":[{"href":"https:\/\/przedszkole56.edu.wroclaw.pl\/index.php\/wp-json\/wp\/v2\/types\/post"}],"author":[{"embeddable":true,"href":"https:\/\/przedszkole56.edu.wroclaw.pl\/index.php\/wp-json\/wp\/v2\/users\/178"}],"replies":[{"embeddable":true,"href":"https:\/\/przedszkole56.edu.wroclaw.pl\/index.php\/wp-json\/wp\/v2\/comments?post=3891"}],"version-history":[{"count":1,"href":"https:\/\/przedszkole56.edu.wroclaw.pl\/index.php\/wp-json\/wp\/v2\/posts\/3891\/revisions"}],"predecessor-version":[{"id":3892,"href":"https:\/\/przedszkole56.edu.wroclaw.pl\/index.php\/wp-json\/wp\/v2\/posts\/3891\/revisions\/3892"}],"wp:featuredmedia":[{"embeddable":true,"href":"https:\/\/przedszkole56.edu.wroclaw.pl\/index.php\/wp-json\/wp\/v2\/media\/2350"}],"wp:attachment":[{"href":"https:\/\/przedszkole56.edu.wroclaw.pl\/index.php\/wp-json\/wp\/v2\/media?parent=3891"}],"wp:term":[{"taxonomy":"category","embeddable":true,"href":"https:\/\/przedszkole56.edu.wroclaw.pl\/index.php\/wp-json\/wp\/v2\/categories?post=3891"},{"taxonomy":"post_tag","embeddable":true,"href":"https:\/\/przedszkole56.edu.wroclaw.pl\/index.php\/wp-json\/wp\/v2\/tags?post=3891"}],"curies":[{"name":"wp","href":"https:\/\/api.w.org\/{rel}","templated":true}]}}