
{"id":3845,"date":"2022-09-29T12:46:47","date_gmt":"2022-09-29T10:46:47","guid":{"rendered":"https:\/\/przedszkole56.edu.wroclaw.pl\/?p=3845"},"modified":"2022-09-29T12:47:04","modified_gmt":"2022-09-29T10:47:04","slug":"3845","status":"publish","type":"post","link":"https:\/\/przedszkole56.edu.wroclaw.pl\/index.php\/2022\/09\/29\/3845\/","title":{"rendered":""},"content":{"rendered":"<div class=\"wpb-content-wrapper\"><p>[vc_row][vc_column][vc_column_text]<span style=\"font-size: 14pt\"><strong>Drodzy Rodzice!<\/strong><\/span><\/p>\n<p><span style=\"font-size: 14pt\"><strong>Informujemy o zmianie uchwa\u0142y dotycz\u0105cej op\u0142aty za przedszkole<\/strong><\/span><\/p>\n<p><em>\u201e Ustala si\u0119 op\u0142at\u0119 w wysoko\u015bci 1,14 z\u0142 za ka\u017cd\u0105 rozpocz\u0119t\u0105 godzin\u0119 faktycznego pobytu uczni\u00f3w w publicznym przedszkolu i oddziale przedszkolnym w publicznej szkole podstawowej, do ko\u0144ca roku szkolnego w roku kalendarzowym, w kt\u00f3rym ko\u0144cz\u0105 6 lat, w czasie przekraczaj\u0105cym wymiar okre\u015blony w \u00a7 1 ust. 1 niniejszej uchwa\u0142y\u201d<\/em><\/p>\n<p>UCHWA\u0141A NR LVII\/1513\/22 RADY MIEJSKIEJ WROC\u0141AWIA z dnia 15 wrze\u015bnia 2022 r. w sprawie ustalenia czasu bezp\u0142atnego nauczania, wychowania i opieki oraz wysoko\u015bci op\u0142aty za korzystanie z wychowania przedszkolnego w publicznych przedszkolach i oddzia\u0142ach przedszkolnych w publicznych szko\u0142ach podstawowych prowadzonych przez gmin\u0119<\/p>\n<p><strong>Ca\u0142y tekst uchwa\u0142y w za\u0142\u0105czniku:\u00a0 <\/strong><a href=\"https:\/\/przedszkole56.edu.wroclaw.pl\/wp-content\/uploads\/sites\/51\/2022\/09\/uchwala-RM-LVII.1513.221.pdf\"><strong>uchwala-RM-LVII.1513.22<\/strong><\/a>[\/vc_column_text][\/vc_column][\/vc_row]<\/p>\n<\/div>","protected":false},"excerpt":{"rendered":"<p>[vc_row][vc_column][vc_column_text]Drodzy Rodzice! Informujemy o zmianie uchwa\u0142y dotycz\u0105cej op\u0142aty za przedszkole \u201e Ustala si\u0119 op\u0142at\u0119 w wysoko\u015bci 1,14 z\u0142 za ka\u017cd\u0105 rozpocz\u0119t\u0105 godzin\u0119 faktycznego pobytu uczni\u00f3w w publicznym przedszkolu i oddziale [&hellip;]<\/p>\n","protected":false},"author":177,"featured_media":3847,"comment_status":"closed","ping_status":"open","sticky":false,"template":"","format":"standard","meta":{"ngg_post_thumbnail":0,"footnotes":""},"categories":[3],"tags":[],"class_list":["post-3845","post","type-post","status-publish","format-standard","has-post-thumbnail","hentry","category-aktualnosci","clearfix"],"_links":{"self":[{"href":"https:\/\/przedszkole56.edu.wroclaw.pl\/index.php\/wp-json\/wp\/v2\/posts\/3845","targetHints":{"allow":["GET"]}}],"collection":[{"href":"https:\/\/przedszkole56.edu.wroclaw.pl\/index.php\/wp-json\/wp\/v2\/posts"}],"about":[{"href":"https:\/\/przedszkole56.edu.wroclaw.pl\/index.php\/wp-json\/wp\/v2\/types\/post"}],"author":[{"embeddable":true,"href":"https:\/\/przedszkole56.edu.wroclaw.pl\/index.php\/wp-json\/wp\/v2\/users\/177"}],"replies":[{"embeddable":true,"href":"https:\/\/przedszkole56.edu.wroclaw.pl\/index.php\/wp-json\/wp\/v2\/comments?post=3845"}],"version-history":[{"count":1,"href":"https:\/\/przedszkole56.edu.wroclaw.pl\/index.php\/wp-json\/wp\/v2\/posts\/3845\/revisions"}],"predecessor-version":[{"id":3848,"href":"https:\/\/przedszkole56.edu.wroclaw.pl\/index.php\/wp-json\/wp\/v2\/posts\/3845\/revisions\/3848"}],"wp:featuredmedia":[{"embeddable":true,"href":"https:\/\/przedszkole56.edu.wroclaw.pl\/index.php\/wp-json\/wp\/v2\/media\/3847"}],"wp:attachment":[{"href":"https:\/\/przedszkole56.edu.wroclaw.pl\/index.php\/wp-json\/wp\/v2\/media?parent=3845"}],"wp:term":[{"taxonomy":"category","embeddable":true,"href":"https:\/\/przedszkole56.edu.wroclaw.pl\/index.php\/wp-json\/wp\/v2\/categories?post=3845"},{"taxonomy":"post_tag","embeddable":true,"href":"https:\/\/przedszkole56.edu.wroclaw.pl\/index.php\/wp-json\/wp\/v2\/tags?post=3845"}],"curies":[{"name":"wp","href":"https:\/\/api.w.org\/{rel}","templated":true}]}}