
{"id":3126,"date":"2022-02-25T19:24:06","date_gmt":"2022-02-25T18:24:06","guid":{"rendered":"https:\/\/przedszkole56.edu.wroclaw.pl\/?p=3126"},"modified":"2022-02-25T19:24:06","modified_gmt":"2022-02-25T18:24:06","slug":"niezapominajkadlaukrainy","status":"publish","type":"post","link":"https:\/\/przedszkole56.edu.wroclaw.pl\/index.php\/2022\/02\/25\/niezapominajkadlaukrainy\/","title":{"rendered":"#niezapominajkadlaukrainy"},"content":{"rendered":"<div class=\"wpb-content-wrapper\"><p>[vc_row][vc_column][vc_column_text]<\/p>\n<div dir=\"auto\"><strong>Drodzy Rodzice,<\/strong><\/div>\n<div dir=\"auto\"><strong>Niezapominajka przy\u0142\u0105cza si\u0119 do pomocy dla Ukrainy <span class=\"pq6dq46d tbxw36s4 knj5qynh kvgmc6g5 ditlmg2l oygrvhab nvdbi5me sf5mxxl7 gl3lb2sf hhz5lgdu\"><img loading=\"lazy\" decoding=\"async\" src=\"https:\/\/static.xx.fbcdn.net\/images\/emoji.php\/v9\/t8b\/1.5\/16\/1f1fa_1f1e6.png\" alt=\"\ud83c\uddfa\ud83c\udde6\" width=\"16\" height=\"16\" \/><\/span>.<\/strong><\/div>\n<div dir=\"auto\"><b>Od poniedzia\u0142ku rozpoczynamy zbi\u00f3rk\u0119 potrzebnych artyku\u0142\u00f3w.<\/b><\/div>\n<div dir=\"auto\"><strong>Potrzebne s\u0105:<\/strong><\/div>\n<div dir=\"auto\"><strong>&#8211; \u017cywno\u015b\u0107, ale tylko ta d\u0142ugoterminowa jak makaron, ry\u017c, konserwy itd.<\/strong><\/div>\n<div dir=\"auto\"><strong>&#8211; \u015bpiwory, koce, \u015brodki higieny osobistej takie jak pasty do z\u0119b\u00f3w, bielizna, pieluchy, r\u0119czniki papierowe, ale tak\u017ce \u015bwiece, baterie czy zapalniczki i apteczki.<\/strong><\/div>\n<div dir=\"auto\"><strong>Zbi\u00f3rka dar\u00f3w odb\u0119dzie si\u0119 w ka\u017cdym budynku przedszkola.<\/strong><\/div>\n<div dir=\"auto\"><strong>Liczymy na Pa\u0144stwa wsparcie i pomoc<\/strong><\/div>\n<div dir=\"auto\"><strong><span class=\"pq6dq46d tbxw36s4 knj5qynh kvgmc6g5 ditlmg2l oygrvhab nvdbi5me sf5mxxl7 gl3lb2sf hhz5lgdu\"><img loading=\"lazy\" decoding=\"async\" src=\"https:\/\/static.xx.fbcdn.net\/images\/emoji.php\/v9\/tc5\/1.5\/16\/1f499.png\" alt=\"\ud83d\udc99\" width=\"16\" height=\"16\" \/><\/span><span class=\"pq6dq46d tbxw36s4 knj5qynh kvgmc6g5 ditlmg2l oygrvhab nvdbi5me sf5mxxl7 gl3lb2sf hhz5lgdu\"><img loading=\"lazy\" decoding=\"async\" src=\"https:\/\/static.xx.fbcdn.net\/images\/emoji.php\/v9\/t6e\/1.5\/16\/1f49b.png\" alt=\"\ud83d\udc9b\" width=\"16\" height=\"16\" \/><\/span><\/strong><\/div>\n<p>[\/vc_column_text][\/vc_column][\/vc_row]<\/p>\n<\/div>","protected":false},"excerpt":{"rendered":"<p>[vc_row][vc_column][vc_column_text] Drodzy Rodzice, Niezapominajka przy\u0142\u0105cza si\u0119 do pomocy dla Ukrainy . Od poniedzia\u0142ku rozpoczynamy zbi\u00f3rk\u0119 potrzebnych artyku\u0142\u00f3w. Potrzebne s\u0105: &#8211; \u017cywno\u015b\u0107, ale tylko ta d\u0142ugoterminowa jak makaron, ry\u017c, konserwy itd. [&hellip;]<\/p>\n","protected":false},"author":177,"featured_media":3128,"comment_status":"closed","ping_status":"open","sticky":false,"template":"","format":"standard","meta":{"ngg_post_thumbnail":0,"footnotes":""},"categories":[3],"tags":[],"class_list":["post-3126","post","type-post","status-publish","format-standard","has-post-thumbnail","hentry","category-aktualnosci","clearfix"],"_links":{"self":[{"href":"https:\/\/przedszkole56.edu.wroclaw.pl\/index.php\/wp-json\/wp\/v2\/posts\/3126","targetHints":{"allow":["GET"]}}],"collection":[{"href":"https:\/\/przedszkole56.edu.wroclaw.pl\/index.php\/wp-json\/wp\/v2\/posts"}],"about":[{"href":"https:\/\/przedszkole56.edu.wroclaw.pl\/index.php\/wp-json\/wp\/v2\/types\/post"}],"author":[{"embeddable":true,"href":"https:\/\/przedszkole56.edu.wroclaw.pl\/index.php\/wp-json\/wp\/v2\/users\/177"}],"replies":[{"embeddable":true,"href":"https:\/\/przedszkole56.edu.wroclaw.pl\/index.php\/wp-json\/wp\/v2\/comments?post=3126"}],"version-history":[{"count":2,"href":"https:\/\/przedszkole56.edu.wroclaw.pl\/index.php\/wp-json\/wp\/v2\/posts\/3126\/revisions"}],"predecessor-version":[{"id":3130,"href":"https:\/\/przedszkole56.edu.wroclaw.pl\/index.php\/wp-json\/wp\/v2\/posts\/3126\/revisions\/3130"}],"wp:featuredmedia":[{"embeddable":true,"href":"https:\/\/przedszkole56.edu.wroclaw.pl\/index.php\/wp-json\/wp\/v2\/media\/3128"}],"wp:attachment":[{"href":"https:\/\/przedszkole56.edu.wroclaw.pl\/index.php\/wp-json\/wp\/v2\/media?parent=3126"}],"wp:term":[{"taxonomy":"category","embeddable":true,"href":"https:\/\/przedszkole56.edu.wroclaw.pl\/index.php\/wp-json\/wp\/v2\/categories?post=3126"},{"taxonomy":"post_tag","embeddable":true,"href":"https:\/\/przedszkole56.edu.wroclaw.pl\/index.php\/wp-json\/wp\/v2\/tags?post=3126"}],"curies":[{"name":"wp","href":"https:\/\/api.w.org\/{rel}","templated":true}]}}