
{"id":3101,"date":"2022-02-15T10:52:00","date_gmt":"2022-02-15T09:52:00","guid":{"rendered":"https:\/\/przedszkole56.edu.wroclaw.pl\/?p=3101"},"modified":"2022-02-15T10:52:00","modified_gmt":"2022-02-15T09:52:00","slug":"3101","status":"publish","type":"post","link":"https:\/\/przedszkole56.edu.wroclaw.pl\/index.php\/2022\/02\/15\/3101\/","title":{"rendered":""},"content":{"rendered":"<div class=\"wpb-content-wrapper\"><p>[vc_row][vc_column][vc_column_text]<span class=\"d2edcug0 hpfvmrgz qv66sw1b c1et5uql lr9zc1uh a8c37x1j fe6kdd0r mau55g9w c8b282yb keod5gw0 nxhoafnm aigsh9s9 d3f4x2em iv3no6db jq4qci2q a3bd9o3v b1v8xokw oo9gr5id\" dir=\"auto\">Sportowo dla dzieci w Decathlon Wroc\u0142aw! <span class=\"pq6dq46d tbxw36s4 knj5qynh kvgmc6g5 ditlmg2l oygrvhab nvdbi5me sf5mxxl7 gl3lb2sf hhz5lgdu\"><img loading=\"lazy\" decoding=\"async\" src=\"https:\/\/static.xx.fbcdn.net\/images\/emoji.php\/v9\/t6d\/1\/16\/1f973.png\" alt=\"\ud83e\udd73\" width=\"16\" height=\"16\" \/><\/span><br \/>\nJu\u017c 23 lutego zapraszamy na kolejne zaj\u0119cia sportowe w ramach akcji <a class=\"oajrlxb2 g5ia77u1 qu0x051f esr5mh6w e9989ue4 r7d6kgcz rq0escxv nhd2j8a9 nc684nl6 p7hjln8o kvgmc6g5 cxmmr5t8 oygrvhab hcukyx3x jb3vyjys rz4wbd8a qt6c0cv9 a8nywdso i1ao9s8h esuyzwwr f1sip0of lzcic4wl gpro0wi8 oo9gr5id lrazzd5p\" role=\"link\" href=\"https:\/\/www.facebook.com\/akcjazdrowoisportowo\/?__cft__[0]=AZVP_CoJHY3nQ27TiWWbsgnL5fRPNnVFTTIMVTBlLd98BfTFZ2ImEDUov2QQCAuei9G528NQ9efgC817H_WbehMvAjPNnuDW3NaGFYEqcXD_f5Edib3Kgv97EhWbXf4Hs_PoJOMhDTnzfszC2tCEqZ8Kula8NWZ12RmdTgvZfrPCOQ&amp;__tn__=kK*F\"><span class=\"nc684nl6\">Zdrowo i Sportowo<\/span><\/a>, kt\u00f3re odb\u0119d\u0105 si\u0119 w Decathlon Bielany Wroc\u0142awskie! Zaj\u0119cia poprowadzimy wraz z trenerami <a class=\"oajrlxb2 g5ia77u1 qu0x051f esr5mh6w e9989ue4 r7d6kgcz rq0escxv nhd2j8a9 nc684nl6 p7hjln8o kvgmc6g5 cxmmr5t8 oygrvhab hcukyx3x jb3vyjys rz4wbd8a qt6c0cv9 a8nywdso i1ao9s8h esuyzwwr f1sip0of lzcic4wl gpro0wi8 oo9gr5id lrazzd5p\" role=\"link\" href=\"https:\/\/www.facebook.com\/KidsAndSport?__cft__[0]=AZVP_CoJHY3nQ27TiWWbsgnL5fRPNnVFTTIMVTBlLd98BfTFZ2ImEDUov2QQCAuei9G528NQ9efgC817H_WbehMvAjPNnuDW3NaGFYEqcXD_f5Edib3Kgv97EhWbXf4Hs_PoJOMhDTnzfszC2tCEqZ8Kula8NWZ12RmdTgvZfrPCOQ&amp;__tn__=-]K*F\"><span class=\"nc684nl6\">Kids&amp;Sport<\/span><\/a>.<br \/>\nBezp\u0142atne zaj\u0119cia odb\u0119d\u0105 si\u0119 w trzech turach, o godz. 17:30, nast\u0119pnie o 18:00 oraz 18:30. Ka\u017cde z nich, b\u0119d\u0105 trwa\u0107 30 minut.<br \/>\nZapisy si\u0119 na platformie <span class=\"pq6dq46d tbxw36s4 knj5qynh kvgmc6g5 ditlmg2l oygrvhab nvdbi5me sf5mxxl7 gl3lb2sf hhz5lgdu\"><img loading=\"lazy\" decoding=\"async\" src=\"https:\/\/static.xx.fbcdn.net\/images\/emoji.php\/v9\/t51\/1\/16\/1f449.png\" alt=\"\ud83d\udc49\" width=\"16\" height=\"16\" \/><\/span> <a class=\"oajrlxb2 g5ia77u1 qu0x051f esr5mh6w e9989ue4 r7d6kgcz rq0escxv nhd2j8a9 nc684nl6 p7hjln8o kvgmc6g5 cxmmr5t8 oygrvhab hcukyx3x jb3vyjys rz4wbd8a qt6c0cv9 a8nywdso i1ao9s8h esuyzwwr f1sip0of lzcic4wl gpro0wi8 py34i1dx\" role=\"link\" href=\"https:\/\/go.decathlon.pl\/?fbclid=IwAR34aPMFr3quQ6a7DRMZZa5t3e9wSFsLG1q963T6_3K2p7aruG50TIdchuQ\" target=\"_blank\" rel=\"nofollow noopener\">https:\/\/go.decathlon.pl<\/a><\/span><\/p>\n<p>Prosimy r\u00f3wnie\u017c przyj\u015b\u0107 chwilk\u0119 wcze\u015bniej, aby mieli Pa\u0144stwo mo\u017cliwo\u015b\u0107 na spokojnie zapozna\u0107 si\u0119 z regulaminem zaj\u0119\u0107.<span class=\"pq6dq46d tbxw36s4 knj5qynh kvgmc6g5 ditlmg2l oygrvhab nvdbi5me sf5mxxl7 gl3lb2sf hhz5lgdu\"><img loading=\"lazy\" decoding=\"async\" src=\"https:\/\/static.xx.fbcdn.net\/images\/emoji.php\/v9\/t57\/1\/16\/1f609.png\" alt=\"\ud83d\ude09\" width=\"16\" height=\"16\" \/><\/span>[\/vc_column_text][\/vc_column][\/vc_row]<\/p>\n<\/div>","protected":false},"excerpt":{"rendered":"<p>[vc_row][vc_column][vc_column_text]Sportowo dla dzieci w Decathlon Wroc\u0142aw! Ju\u017c 23 lutego zapraszamy na kolejne zaj\u0119cia sportowe w ramach akcji Zdrowo i Sportowo, kt\u00f3re odb\u0119d\u0105 si\u0119 w Decathlon Bielany Wroc\u0142awskie! Zaj\u0119cia poprowadzimy wraz [&hellip;]<\/p>\n","protected":false},"author":177,"featured_media":3102,"comment_status":"closed","ping_status":"open","sticky":false,"template":"","format":"standard","meta":{"ngg_post_thumbnail":0,"footnotes":""},"categories":[3],"tags":[],"class_list":["post-3101","post","type-post","status-publish","format-standard","has-post-thumbnail","hentry","category-aktualnosci","clearfix"],"_links":{"self":[{"href":"https:\/\/przedszkole56.edu.wroclaw.pl\/index.php\/wp-json\/wp\/v2\/posts\/3101","targetHints":{"allow":["GET"]}}],"collection":[{"href":"https:\/\/przedszkole56.edu.wroclaw.pl\/index.php\/wp-json\/wp\/v2\/posts"}],"about":[{"href":"https:\/\/przedszkole56.edu.wroclaw.pl\/index.php\/wp-json\/wp\/v2\/types\/post"}],"author":[{"embeddable":true,"href":"https:\/\/przedszkole56.edu.wroclaw.pl\/index.php\/wp-json\/wp\/v2\/users\/177"}],"replies":[{"embeddable":true,"href":"https:\/\/przedszkole56.edu.wroclaw.pl\/index.php\/wp-json\/wp\/v2\/comments?post=3101"}],"version-history":[{"count":1,"href":"https:\/\/przedszkole56.edu.wroclaw.pl\/index.php\/wp-json\/wp\/v2\/posts\/3101\/revisions"}],"predecessor-version":[{"id":3103,"href":"https:\/\/przedszkole56.edu.wroclaw.pl\/index.php\/wp-json\/wp\/v2\/posts\/3101\/revisions\/3103"}],"wp:featuredmedia":[{"embeddable":true,"href":"https:\/\/przedszkole56.edu.wroclaw.pl\/index.php\/wp-json\/wp\/v2\/media\/3102"}],"wp:attachment":[{"href":"https:\/\/przedszkole56.edu.wroclaw.pl\/index.php\/wp-json\/wp\/v2\/media?parent=3101"}],"wp:term":[{"taxonomy":"category","embeddable":true,"href":"https:\/\/przedszkole56.edu.wroclaw.pl\/index.php\/wp-json\/wp\/v2\/categories?post=3101"},{"taxonomy":"post_tag","embeddable":true,"href":"https:\/\/przedszkole56.edu.wroclaw.pl\/index.php\/wp-json\/wp\/v2\/tags?post=3101"}],"curies":[{"name":"wp","href":"https:\/\/api.w.org\/{rel}","templated":true}]}}