
{"id":3016,"date":"2022-01-24T11:33:47","date_gmt":"2022-01-24T10:33:47","guid":{"rendered":"https:\/\/przedszkole56.edu.wroclaw.pl\/?p=3016"},"modified":"2022-01-24T11:33:47","modified_gmt":"2022-01-24T10:33:47","slug":"podroz-wroclawskich-dzieci-do-demokracji-i-praw-obywatelskich","status":"publish","type":"post","link":"https:\/\/przedszkole56.edu.wroclaw.pl\/index.php\/2022\/01\/24\/podroz-wroclawskich-dzieci-do-demokracji-i-praw-obywatelskich\/","title":{"rendered":"Podr\u00f3\u017c wroc\u0142awskich dzieci do demokracji i praw obywatelskich"},"content":{"rendered":"<div class=\"wpb-content-wrapper\"><p>[vc_row][vc_column][vc_column_text]<\/p>\n<div class=\"\" dir=\"auto\">\n<div class=\"\" dir=\"auto\">\n<div class=\"ecm0bbzt hv4rvrfc ihqw7lf3 dati1w0a\" data-ad-comet-preview=\"message\" data-ad-preview=\"message\">\n<div class=\"j83agx80 cbu4d94t ew0dbk1b irj2b8pg\">\n<div class=\"qzhwtbm6 knvmm38d\">\n<div class=\"kvgmc6g5 cxmmr5t8 oygrvhab hcukyx3x c1et5uql ii04i59q\">\n<h3><span style=\"font-size: 14pt\"><strong>W projektowych dzia\u0142aniach wiele si\u0119 dzieje. Ju\u017c w najbli\u017cszych tygodniach kolejne wyzwania. Tym razem, w ramach naszych praw obywatelskich, tych ma\u0142ych i tych du\u017cych, najstarsze przedszkolaki wraz z <a class=\"oajrlxb2 g5ia77u1 qu0x051f esr5mh6w e9989ue4 r7d6kgcz rq0escxv nhd2j8a9 nc684nl6 p7hjln8o kvgmc6g5 cxmmr5t8 oygrvhab hcukyx3x jb3vyjys rz4wbd8a qt6c0cv9 a8nywdso i1ao9s8h esuyzwwr f1sip0of lzcic4wl gpro0wi8 q66pz984 b1v8xokw\" role=\"link\" href=\"https:\/\/www.facebook.com\/WroclawskieCentrumOpiekiIWychowania\/?__cft__[0]=AZVBppueOM6vjQOi9Ru5zH_vG2Rw4MgmrrQGz7DzJ0aCvqlt1SV0PonG-wTFPHwFXz_MEd4u2zj-4xwvAi63WZSpLCmO_0IZcGGdSHtrAZzjlfpj2-it7dSXce_SdLIkupABGlaOh8R_6tYXsELQvSW97DivwxYNybvsoxWrpz_YBw&amp;__tn__=kK-y-R\"><span class=\"nc684nl6\">Wroc\u0142awskie Centrum Opieki i Wychowania<\/span><\/a> b\u0119d\u0105 pisa\u0107 listy do parlamentarzyst\u00f3w.<\/strong><\/span><\/h3>\n<h3><span style=\"font-size: 14pt\"><strong>Co z tego wyniknie?<\/strong><\/span><\/h3>\n<\/div>\n<\/div>\n<\/div>\n<\/div>\n<\/div>\n<\/div>\n<p>[\/vc_column_text][\/vc_column][\/vc_row]<\/p>\n<\/div>","protected":false},"excerpt":{"rendered":"<p>[vc_row][vc_column][vc_column_text] W projektowych dzia\u0142aniach wiele si\u0119 dzieje. Ju\u017c w najbli\u017cszych tygodniach kolejne wyzwania. Tym razem, w ramach naszych praw obywatelskich, tych ma\u0142ych i tych du\u017cych, najstarsze przedszkolaki wraz z Wroc\u0142awskie [&hellip;]<\/p>\n","protected":false},"author":177,"featured_media":3017,"comment_status":"closed","ping_status":"open","sticky":false,"template":"","format":"standard","meta":{"ngg_post_thumbnail":0,"footnotes":""},"categories":[3],"tags":[],"class_list":["post-3016","post","type-post","status-publish","format-standard","has-post-thumbnail","hentry","category-aktualnosci","clearfix"],"_links":{"self":[{"href":"https:\/\/przedszkole56.edu.wroclaw.pl\/index.php\/wp-json\/wp\/v2\/posts\/3016","targetHints":{"allow":["GET"]}}],"collection":[{"href":"https:\/\/przedszkole56.edu.wroclaw.pl\/index.php\/wp-json\/wp\/v2\/posts"}],"about":[{"href":"https:\/\/przedszkole56.edu.wroclaw.pl\/index.php\/wp-json\/wp\/v2\/types\/post"}],"author":[{"embeddable":true,"href":"https:\/\/przedszkole56.edu.wroclaw.pl\/index.php\/wp-json\/wp\/v2\/users\/177"}],"replies":[{"embeddable":true,"href":"https:\/\/przedszkole56.edu.wroclaw.pl\/index.php\/wp-json\/wp\/v2\/comments?post=3016"}],"version-history":[{"count":1,"href":"https:\/\/przedszkole56.edu.wroclaw.pl\/index.php\/wp-json\/wp\/v2\/posts\/3016\/revisions"}],"predecessor-version":[{"id":3018,"href":"https:\/\/przedszkole56.edu.wroclaw.pl\/index.php\/wp-json\/wp\/v2\/posts\/3016\/revisions\/3018"}],"wp:featuredmedia":[{"embeddable":true,"href":"https:\/\/przedszkole56.edu.wroclaw.pl\/index.php\/wp-json\/wp\/v2\/media\/3017"}],"wp:attachment":[{"href":"https:\/\/przedszkole56.edu.wroclaw.pl\/index.php\/wp-json\/wp\/v2\/media?parent=3016"}],"wp:term":[{"taxonomy":"category","embeddable":true,"href":"https:\/\/przedszkole56.edu.wroclaw.pl\/index.php\/wp-json\/wp\/v2\/categories?post=3016"},{"taxonomy":"post_tag","embeddable":true,"href":"https:\/\/przedszkole56.edu.wroclaw.pl\/index.php\/wp-json\/wp\/v2\/tags?post=3016"}],"curies":[{"name":"wp","href":"https:\/\/api.w.org\/{rel}","templated":true}]}}