
{"id":2627,"date":"2021-10-12T18:31:07","date_gmt":"2021-10-12T16:31:07","guid":{"rendered":"https:\/\/przedszkole56.edu.wroclaw.pl\/?p=2627"},"modified":"2021-10-12T18:31:07","modified_gmt":"2021-10-12T16:31:07","slug":"kwiatowe-bombardowanie","status":"publish","type":"post","link":"https:\/\/przedszkole56.edu.wroclaw.pl\/index.php\/2021\/10\/12\/kwiatowe-bombardowanie\/","title":{"rendered":"Kwiatowe Bombardowanie!"},"content":{"rendered":"<div class=\"wpb-content-wrapper\"><p>[vc_row][vc_column][vc_column_text]Drodzy Rodzice, jak co roku &#8211; bardzo prosimy o przynoszenie cebulek kwiat\u00f3w (opisanych), kt\u00f3re wsp\u00f3lnie z dzie\u0107mi b\u0119dziemy mogli posadzi\u0107 w ogrodach przedszkolnych, by na wiosn\u0119 cieszy\u0107 si\u0119 ich pi\u0119knem. Zale\u017cy nam szczeg\u00f3lnie na cebulkach \u017conkili, kt\u00f3re s\u0105 symbolem akcji charytatywnej &#8222;Pola nadziei&#8221;, ale tak\u017ce na innych przepi\u0119knych ro\u015blinkach (tulipany, hiacynty, narcyzy, krokusy, szafirki, zimowity jesienne, przebi\u015bniegi). Akcja trwa do 15 pa\u017adziernika \ud83d\ude42<\/p>\n<p>[\/vc_column_text][\/vc_column][\/vc_row]<\/p>\n<\/div>","protected":false},"excerpt":{"rendered":"<p>[vc_row][vc_column][vc_column_text]Drodzy Rodzice, jak co roku &#8211; bardzo prosimy o przynoszenie cebulek kwiat\u00f3w (opisanych), kt\u00f3re wsp\u00f3lnie z dzie\u0107mi b\u0119dziemy mogli posadzi\u0107 w ogrodach przedszkolnych, by na wiosn\u0119 cieszy\u0107 si\u0119 ich pi\u0119knem. [&hellip;]<\/p>\n","protected":false},"author":178,"featured_media":2628,"comment_status":"closed","ping_status":"open","sticky":false,"template":"","format":"standard","meta":{"ngg_post_thumbnail":0,"footnotes":""},"categories":[3],"tags":[],"class_list":["post-2627","post","type-post","status-publish","format-standard","has-post-thumbnail","hentry","category-aktualnosci","clearfix"],"_links":{"self":[{"href":"https:\/\/przedszkole56.edu.wroclaw.pl\/index.php\/wp-json\/wp\/v2\/posts\/2627","targetHints":{"allow":["GET"]}}],"collection":[{"href":"https:\/\/przedszkole56.edu.wroclaw.pl\/index.php\/wp-json\/wp\/v2\/posts"}],"about":[{"href":"https:\/\/przedszkole56.edu.wroclaw.pl\/index.php\/wp-json\/wp\/v2\/types\/post"}],"author":[{"embeddable":true,"href":"https:\/\/przedszkole56.edu.wroclaw.pl\/index.php\/wp-json\/wp\/v2\/users\/178"}],"replies":[{"embeddable":true,"href":"https:\/\/przedszkole56.edu.wroclaw.pl\/index.php\/wp-json\/wp\/v2\/comments?post=2627"}],"version-history":[{"count":1,"href":"https:\/\/przedszkole56.edu.wroclaw.pl\/index.php\/wp-json\/wp\/v2\/posts\/2627\/revisions"}],"predecessor-version":[{"id":2629,"href":"https:\/\/przedszkole56.edu.wroclaw.pl\/index.php\/wp-json\/wp\/v2\/posts\/2627\/revisions\/2629"}],"wp:featuredmedia":[{"embeddable":true,"href":"https:\/\/przedszkole56.edu.wroclaw.pl\/index.php\/wp-json\/wp\/v2\/media\/2628"}],"wp:attachment":[{"href":"https:\/\/przedszkole56.edu.wroclaw.pl\/index.php\/wp-json\/wp\/v2\/media?parent=2627"}],"wp:term":[{"taxonomy":"category","embeddable":true,"href":"https:\/\/przedszkole56.edu.wroclaw.pl\/index.php\/wp-json\/wp\/v2\/categories?post=2627"},{"taxonomy":"post_tag","embeddable":true,"href":"https:\/\/przedszkole56.edu.wroclaw.pl\/index.php\/wp-json\/wp\/v2\/tags?post=2627"}],"curies":[{"name":"wp","href":"https:\/\/api.w.org\/{rel}","templated":true}]}}