
{"id":2400,"date":"2021-09-16T09:46:12","date_gmt":"2021-09-16T07:46:12","guid":{"rendered":"https:\/\/przedszkole56.edu.wroclaw.pl\/?p=2400"},"modified":"2021-09-17T09:49:10","modified_gmt":"2021-09-17T07:49:10","slug":"wielki-niezapominajkowy-piknik-czyli-dzien-pustej-sali","status":"publish","type":"post","link":"https:\/\/przedszkole56.edu.wroclaw.pl\/index.php\/2021\/09\/16\/wielki-niezapominajkowy-piknik-czyli-dzien-pustej-sali\/","title":{"rendered":"WIELKI NIEZAPOMINAJKOWY PIKNIK, czyli Dzie\u0144 Pustej Sali"},"content":{"rendered":"<div class=\"wpb-content-wrapper\"><p>[vc_row][vc_column][vc_column_text]<\/p>\n<h2 class=\"gmql0nx0 l94mrbxd p1ri9a11 lzcic4wl d2edcug0 hpfvmrgz\"><span class=\"d2edcug0 hpfvmrgz qv66sw1b c1et5uql lr9zc1uh a8c37x1j keod5gw0 nxhoafnm aigsh9s9 d3f4x2em fe6kdd0r mau55g9w c8b282yb iv3no6db jq4qci2q a3bd9o3v hnhda86s jdix4yx3 hzawbc8m\" dir=\"auto\">PONIEDZIA\u0141EK, 20 WRZE\u015aNIA 2021<br \/>\n<\/span><\/h2>\n<p><span class=\"d2edcug0 hpfvmrgz qv66sw1b c1et5uql lr9zc1uh a8c37x1j keod5gw0 nxhoafnm aigsh9s9 d3f4x2em fe6kdd0r mau55g9w c8b282yb iv3no6db jq4qci2q a3bd9o3v b1v8xokw oo9gr5id\" dir=\"auto\">Z okazji Dnia Przedszkolaka i Dnia Pustej Sali \u015bwi\u0119towa\u0107 b\u0119dziemy w plenerze. Zabieramy ze sob\u0105 smako\u0142yki, zdrowe przek\u0105ski, sprz\u0119t sportowy i wyruszamy do Parku Kleci\u0144skiego. <\/span><\/p>\n<p><span class=\"d2edcug0 hpfvmrgz qv66sw1b c1et5uql lr9zc1uh a8c37x1j keod5gw0 nxhoafnm aigsh9s9 d3f4x2em fe6kdd0r mau55g9w c8b282yb iv3no6db jq4qci2q a3bd9o3v b1v8xokw oo9gr5id\" dir=\"auto\">\u015awietna zabawa gwarantowana<\/span>[\/vc_column_text][\/vc_column][\/vc_row]<\/p>\n<\/div>","protected":false},"excerpt":{"rendered":"<p>[vc_row][vc_column][vc_column_text] PONIEDZIA\u0141EK, 20 WRZE\u015aNIA 2021 Z okazji Dnia Przedszkolaka i Dnia Pustej Sali \u015bwi\u0119towa\u0107 b\u0119dziemy w plenerze. Zabieramy ze sob\u0105 smako\u0142yki, zdrowe przek\u0105ski, sprz\u0119t sportowy i wyruszamy do Parku Kleci\u0144skiego. [&hellip;]<\/p>\n","protected":false},"author":177,"featured_media":2403,"comment_status":"closed","ping_status":"open","sticky":false,"template":"","format":"standard","meta":{"ngg_post_thumbnail":0,"footnotes":""},"categories":[3],"tags":[],"class_list":["post-2400","post","type-post","status-publish","format-standard","has-post-thumbnail","hentry","category-aktualnosci","clearfix"],"_links":{"self":[{"href":"https:\/\/przedszkole56.edu.wroclaw.pl\/index.php\/wp-json\/wp\/v2\/posts\/2400","targetHints":{"allow":["GET"]}}],"collection":[{"href":"https:\/\/przedszkole56.edu.wroclaw.pl\/index.php\/wp-json\/wp\/v2\/posts"}],"about":[{"href":"https:\/\/przedszkole56.edu.wroclaw.pl\/index.php\/wp-json\/wp\/v2\/types\/post"}],"author":[{"embeddable":true,"href":"https:\/\/przedszkole56.edu.wroclaw.pl\/index.php\/wp-json\/wp\/v2\/users\/177"}],"replies":[{"embeddable":true,"href":"https:\/\/przedszkole56.edu.wroclaw.pl\/index.php\/wp-json\/wp\/v2\/comments?post=2400"}],"version-history":[{"count":1,"href":"https:\/\/przedszkole56.edu.wroclaw.pl\/index.php\/wp-json\/wp\/v2\/posts\/2400\/revisions"}],"predecessor-version":[{"id":2404,"href":"https:\/\/przedszkole56.edu.wroclaw.pl\/index.php\/wp-json\/wp\/v2\/posts\/2400\/revisions\/2404"}],"wp:featuredmedia":[{"embeddable":true,"href":"https:\/\/przedszkole56.edu.wroclaw.pl\/index.php\/wp-json\/wp\/v2\/media\/2403"}],"wp:attachment":[{"href":"https:\/\/przedszkole56.edu.wroclaw.pl\/index.php\/wp-json\/wp\/v2\/media?parent=2400"}],"wp:term":[{"taxonomy":"category","embeddable":true,"href":"https:\/\/przedszkole56.edu.wroclaw.pl\/index.php\/wp-json\/wp\/v2\/categories?post=2400"},{"taxonomy":"post_tag","embeddable":true,"href":"https:\/\/przedszkole56.edu.wroclaw.pl\/index.php\/wp-json\/wp\/v2\/tags?post=2400"}],"curies":[{"name":"wp","href":"https:\/\/api.w.org\/{rel}","templated":true}]}}