
{"id":2331,"date":"2021-08-31T14:11:04","date_gmt":"2021-08-31T12:11:04","guid":{"rendered":"https:\/\/przedszkole56.edu.wroclaw.pl\/?p=2331"},"modified":"2021-08-31T14:21:14","modified_gmt":"2021-08-31T12:21:14","slug":"spotkania-z-rodzicami-tylko-dzieci-3-letnie","status":"publish","type":"post","link":"https:\/\/przedszkole56.edu.wroclaw.pl\/index.php\/2021\/08\/31\/spotkania-z-rodzicami-tylko-dzieci-3-letnie\/","title":{"rendered":"Spotkania z rodzicami (dzieci 3 letnie)"},"content":{"rendered":"<div class=\"wpb-content-wrapper\"><p>[vc_row][vc_column][vc_column_text]<span style=\"color: #800000\"><strong>SPOTKANIA Z RODZICAMI\u00a0 (DZIECI 3 LETNIE)<\/strong><\/span><\/p>\n<p><strong>6 wrze\u015bnia, godz. 16.00- ZAJ\u0104CZKI<\/strong><\/p>\n<p><strong>7 wrze\u015bnia, godz. 16.00 &#8211; PAJ\u0104CZKI<\/strong><\/p>\n<p><strong>8 wrze\u015bnia, godz. 16.00 &#8211; PSZCZ\u00d3\u0141KI, MOTYLKI<\/strong><\/p>\n<p>Z uwagi na konieczno\u015b\u0107 zachowania zasad bezpiecze\u0144stwa podczas spotkania z wychowawcami grup mo\u017ce wzi\u0105\u0107 udzia\u0142\u00a0<strong>tylko i wy\u0142\u0105cznie jeden<\/strong><strong> rodzic\/opiekun prawny<\/strong> dziecka.<\/p>\n<p>Przed wej\u015bciem do budynku nale\u017cy zdezynfekowa\u0107 r\u0119ce.<\/p>\n<p>Wszystkich uczestnik\u00f3w prosimy o stosowanie podczas spotkania os\u0142ony ust i nosa.[\/vc_column_text][\/vc_column][\/vc_row]<\/p>\n<\/div>","protected":false},"excerpt":{"rendered":"<p>[vc_row][vc_column][vc_column_text]SPOTKANIA Z RODZICAMI\u00a0 (DZIECI 3 LETNIE) 6 wrze\u015bnia, godz. 16.00- ZAJ\u0104CZKI 7 wrze\u015bnia, godz. 16.00 &#8211; PAJ\u0104CZKI 8 wrze\u015bnia, godz. 16.00 &#8211; PSZCZ\u00d3\u0141KI, MOTYLKI Z uwagi na konieczno\u015b\u0107 zachowania zasad [&hellip;]<\/p>\n","protected":false},"author":177,"featured_media":2334,"comment_status":"closed","ping_status":"open","sticky":false,"template":"","format":"standard","meta":{"ngg_post_thumbnail":0,"footnotes":""},"categories":[3],"tags":[],"class_list":["post-2331","post","type-post","status-publish","format-standard","has-post-thumbnail","hentry","category-aktualnosci","clearfix"],"_links":{"self":[{"href":"https:\/\/przedszkole56.edu.wroclaw.pl\/index.php\/wp-json\/wp\/v2\/posts\/2331","targetHints":{"allow":["GET"]}}],"collection":[{"href":"https:\/\/przedszkole56.edu.wroclaw.pl\/index.php\/wp-json\/wp\/v2\/posts"}],"about":[{"href":"https:\/\/przedszkole56.edu.wroclaw.pl\/index.php\/wp-json\/wp\/v2\/types\/post"}],"author":[{"embeddable":true,"href":"https:\/\/przedszkole56.edu.wroclaw.pl\/index.php\/wp-json\/wp\/v2\/users\/177"}],"replies":[{"embeddable":true,"href":"https:\/\/przedszkole56.edu.wroclaw.pl\/index.php\/wp-json\/wp\/v2\/comments?post=2331"}],"version-history":[{"count":4,"href":"https:\/\/przedszkole56.edu.wroclaw.pl\/index.php\/wp-json\/wp\/v2\/posts\/2331\/revisions"}],"predecessor-version":[{"id":2337,"href":"https:\/\/przedszkole56.edu.wroclaw.pl\/index.php\/wp-json\/wp\/v2\/posts\/2331\/revisions\/2337"}],"wp:featuredmedia":[{"embeddable":true,"href":"https:\/\/przedszkole56.edu.wroclaw.pl\/index.php\/wp-json\/wp\/v2\/media\/2334"}],"wp:attachment":[{"href":"https:\/\/przedszkole56.edu.wroclaw.pl\/index.php\/wp-json\/wp\/v2\/media?parent=2331"}],"wp:term":[{"taxonomy":"category","embeddable":true,"href":"https:\/\/przedszkole56.edu.wroclaw.pl\/index.php\/wp-json\/wp\/v2\/categories?post=2331"},{"taxonomy":"post_tag","embeddable":true,"href":"https:\/\/przedszkole56.edu.wroclaw.pl\/index.php\/wp-json\/wp\/v2\/tags?post=2331"}],"curies":[{"name":"wp","href":"https:\/\/api.w.org\/{rel}","templated":true}]}}