
{"id":2282,"date":"2021-07-05T14:45:31","date_gmt":"2021-07-05T12:45:31","guid":{"rendered":"https:\/\/przedszkole56.edu.wroclaw.pl\/?p=2282"},"modified":"2021-07-05T14:55:34","modified_gmt":"2021-07-05T12:55:34","slug":"informacja-dla-rodzicow-dzieci-3-letnich","status":"publish","type":"post","link":"https:\/\/przedszkole56.edu.wroclaw.pl\/index.php\/2021\/07\/05\/informacja-dla-rodzicow-dzieci-3-letnich\/","title":{"rendered":"INFORMACJA dla Rodzic\u00f3w dzieci 3 letnich &#8211; nowo przyj\u0119tych do Niezapominajki"},"content":{"rendered":"<div class=\"wpb-content-wrapper\"><p>[vc_row][vc_column][vc_column_text]<span style=\"font-size: 14pt\"><strong>\u00a0O<\/strong><strong><u>rganizacja pracy w przedszkolu<\/u><\/strong><\/span><\/p>\n<ul>\n<li><strong>W pierwszym tygodniu wrze\u015bnia odb\u0119d\u0105 si\u0119 spotkania z rodzicami<\/strong>, podczas kt\u00f3rych przeka\u017cemy najistotniejsze informacje oraz odpowiemy na Pa\u0144stwa pytania. Prosimy \u015bledzi\u0107 nasz\u0105 stron\u0119 internetow\u0105 oraz profil na Facebooku;<\/li>\n<li><strong>nie podpisujemy z Pa\u0144stwem um\u00f3w o \u015bwiadczenie us\u0142ug z przedszkolem<\/strong> \u2013 nie ma podstaw prawnych do zawierania przez dyrektor\u00f3w przedszkoli miejskich um\u00f3w cywilnoprawnych z rodzicami;<\/li>\n<\/ul>\n<p style=\"text-align: center\"><span style=\"color: #ff0000\"><strong>Zwracamy si\u0119 z pro\u015bb\u0105 o dostarczenie do sekretariatu (ul. Wa\u0142brzyska 2A)\u00a0 w godz. 7:30 \u2013 15:30 lub o przes\u0142anie <u>skanu<\/u> drog\u0105 mailow\u0105 na adres: <\/strong><a style=\"color: #ff0000\" href=\"mailto:sekretariat.p056@wroclawskaedukacja.pl\"><strong>sekretariat.p056@wroclawskaedukacja.pl<\/strong><\/a><\/span><\/p>\n<p style=\"text-align: center\"><span style=\"color: #ff0000\"><strong><u>Deklaracji pobytu dziecka<\/u><\/strong><strong> (w Plikach do pobrania), na rok szkolny 2021\/2022. Deklaracj\u0119 prosimy dostarczy\u0107\/wys\u0142a\u0107 do 15 sierpnia 2021 r.<\/strong><\/span><\/p>\n<ul>\n<li><strong>w pierwszym dniu przyprowadzenia dziecka do przedszkola<\/strong> prosimy dostarczy\u0107 do nauczyciela\u00a0 grupy dziecka wype\u0142nione dokumenty:\u00a0 <strong>Upowa\u017cnienie do odbioru dziecka<\/strong> (w Plikach do pobrania) oraz <strong>Zgod\u0119 na wykorzystanie wizerunku dziecka <\/strong>(w Plikach do pobrania)<\/li>\n<\/ul>\n<p><strong>Zach\u0119camy do zapoznania si\u0119 ze Statutem naszego przedszkola<\/strong> (w Plikach do pobrania), w kt\u00f3rym s\u0105 zamieszone informacje na temat odp\u0142atno\u015bci za przedszkole, poznaj\u0105 Pa\u0144stwo rozk\u0142ad dnia w przedszkolu, godziny otwarcia i zamkni\u0119cia przedszkola i wiele innych wa\u017cnych informacji.<\/p>\n<p><strong>Szanowni Rodzice 3-latk\u00f3w <\/strong><strong>\ud83d\ude42<\/strong><\/p>\n<p><em>Czy z niepokojem my\u015blicie o tym, jak Wasze dziecko zaadoptuje si\u0119 w przedszkolu we wrze\u015bniu? Czy z dr\u017ceniem serca przypuszczacie, \u017ce pewnie nie b\u0119dzie chcia\u0142o samo zosta\u0107 w przedszkolu i \u017ce b\u0119dzie p\u0142aka\u0107? By\u0107 mo\u017ce z obaw\u0105 zastanawiacie si\u0119 jak Ono b\u0119dzie sobie bez Was radzi\u0142o?<\/em><\/p>\n<p><strong>Jak mo\u017cna u\u0142atwi\u0107 dziecku adaptacj\u0119 w przedszkolu?<\/strong><\/p>\n<p>Dla wielu dzieci pierwsze kontakty z przedszkolem s\u0105 \u017ar\u00f3d\u0142em przykrych napi\u0119\u0107 emocjonalnych, utrudniaj\u0105cych im przystosowanie. Jednak przedszkole jest w\u0142a\u015bciwym \u015brodowiskiem do uczenia \u017cycia w spo\u0142eczno\u015bci. Dziecko szybciej si\u0119 do niego adaptuje i zniesie niedogodno\u015bci, gdy b\u0119dzie go postrzega\u0142o jako bezpieczne i atrakcyjne dla siebie\u00a0 i swoich rodzic\u00f3w. W tym celu nale\u017cy:<\/p>\n<ul>\n<li>wytworzy\u0107 w dziecku pozytywne nastawienie;<\/li>\n<li>rozbudzi\u0107 ciekawo\u015b\u0107, zainteresowanie, wr\u0119cz sprowokowa\u0107\u00a0<em>radosne oczekiwanie\u00a0<\/em>na pobyt w przedszkolu;<\/li>\n<li>nie m\u00f3wi\u0107\u00a0<em>tam w przedszkolu to dopiero\u2026.;<\/em><\/li>\n<li>rozmawia\u0107 z dzieckiem o przedszkolu; rozbudza\u0107 zainteresowanie nowym dla dziecka \u015brodowiskiem;<\/li>\n<li>opowiada\u0107 o pierwszych chwilach w przedszkolu;<\/li>\n<li>ujednolica\u0107 dzia\u0142ania dom \u2013 przedszkole, aby dziecku \u0142atwiej by\u0142o przystosowa\u0107 si\u0119 do nowej rzeczywisto\u015bci;<\/li>\n<li>nigdy nie straszy\u0107 dziecka przedszkolem;<\/li>\n<li>stosowa\u0107 w przedszkolu kr\u00f3tkie po\u017cegnania;<\/li>\n<li>pozwala\u0107 zabra\u0107 dziecku cz\u0105stk\u0119 domu do przedszkola (np. przytulank\u0119);<\/li>\n<li>nie okazywa\u0107 dziecku w\u0142asnych rozterek, zostawiaj\u0105c je w przedszkolu;<\/li>\n<li>nie przynosi\u0107 do przedszkola w\u0142asnego jedzenia i picia;<\/li>\n<li>oducza\u0107 dzieci od smoczk\u00f3w butelek i pieluszek \u2013 nie przynosimy ich do przedszkola;<\/li>\n<li>nie m\u00f3wi\u0107 do dziecka spieszczaj\u0105c wyrazy \u2013 dostarczamy poprawnych wzorc\u00f3w mowy; prowokowa\u0107 do m\u00f3wienia;<\/li>\n<li>nie zak\u0142ada\u0107 szelek, zmy\u015blnych pask\u00f3w itp. cz\u0119\u015bci garderoby znacznie utrudniaj\u0105cym dziecku rozebranie si\u0119 w toalecie;<\/li>\n<li>chwali\u0107 dziecko za jego dzielno\u015b\u0107 i umiej\u0119tno\u015b\u0107 radzenia sobie w ka\u017cdej sytuacji. Je\u015bli dziecko bardzo p\u0142aka\u0142o, powiedzie\u0107, \u017ce wszyscy ludzie denerwuj\u0105 si\u0119 troch\u0119 i boj\u0105 robi\u0105c co\u015b pierwszy raz, ale po kilku dniach czuj\u0105 si\u0119 pewniej \u2013 tak b\u0119dzie i z nim. Nasz maluch podobnie jak my wchodz\u0105c do nowego \u015brodowiska musi by\u0107 dobrze zmotywowany zar\u00f3wno co do pozytyw\u00f3w pobytu jak i w\u0142asnej warto\u015bci.<\/li>\n<\/ul>\n<p>Istotna jest wiara rodzic\u00f3w w celowo\u015b\u0107 posy\u0142ania swojego dziecka do przedszkola, jako naturalny etap rozwoju Nie komentowanie w obecno\u015bci dziecka jego zachowania\u00a0 w przedszkolu i post\u0119powania nauczyciela. Wszelkie kontrowersje za\u0142atwiaj bez jego obecno\u015bci.<\/p>\n<p><strong>Pe\u0142ne zrozumienie, otwarta postawa wobec waszego dziecka i miejsca,\u00a0 w kt\u00f3rym b\u0119dzie przebywa\u0107, dobry przep\u0142yw informacji mi\u0119dzy Wami, <\/strong><strong>a przedszkolem oraz ostro\u017cno\u015b\u0107 w formu\u0142owaniu wszelkich s\u0105d\u00f3w zwi\u0105zanych z plac\u00f3wk\u0105, to trzy filary powodzenia w przystosowaniu.<\/strong><\/p>\n<p><strong><u>Ju\u017c teraz zach\u0119caj i motywuj dziecko do:<\/u><\/strong><\/p>\n<ul>\n<li>samodzielnego mycia r\u0105k;<\/li>\n<li>samodzielnego ubierania si\u0119, zak\u0142adania tego, co potrafi;<\/li>\n<li>zapinania guzik\u00f3w i wi\u0105zania sznurowade\u0142;<\/li>\n<li>podejmowania przez dziecko pr\u00f3b samodzielnego zjadania posi\u0142k\u00f3w;<\/li>\n<li>korzystania z sedesu i u\u017cywania papieru toaletowego; wycierania nosa w chusteczk\u0119;<\/li>\n<li>malowania farbami, rysowania kredkami, lepienia z plasteliny;<\/li>\n<li>chodzenia jak najwi\u0119cej i nie u\u017cywania w\u00f3zka;<\/li>\n<\/ul>\n<p><strong><u>Jedzenie:<\/u><\/strong><\/p>\n<p>W naszym przedszkolu bardzo du\u017co uwagi po\u015bwi\u0119camy prawid\u0142owemu od\u017cywianiu. Dla rozwoju narz\u0105d\u00f3w mowy szalenie istotn\u0105 jest umiej\u0119tno\u015b\u0107 gryzienia pokarm\u00f3w r\u00f3\u017cnej konsystencji \u2013 mi\u0119sa, warzyw, jarzyn, owoc\u00f3w. Z tych\u017ce powod\u00f3w w przedszkolu posi\u0142ki nie s\u0105 miksowane. Tak wi\u0119c, ju\u017c teraz mo\u017cna dziecku codziennie dawa\u0107 marchewk\u0119 czy kalarep\u0119 do gryzienia.<\/p>\n<p><strong><u>Ubieranie dziecka do przedszkola:<\/u><\/strong><\/p>\n<ul>\n<li>spodnie, sp\u00f3dniczki na gumk\u0119, ani za lu\u017an\u0105 ani za ciasn\u0105;<\/li>\n<li>ubieranie na \u201ecebulk\u0119\u201d, kt\u00f3re najlepiej zabezpiecza przed przegrzaniem lub zzi\u0119bni\u0119ciem;<\/li>\n<li>nakrycie g\u0142owy, tak\u017ce w okresie letnim;<\/li>\n<li>buty wyj\u015bciowe: bezpieczne (nie drewniaki i nie \u015bliskie), \u0142atwe do zak\u0142adania, zapinane najlepiej na rzepy lub sznurowane, je\u015bli dziecko ju\u017c sobie radzi ze sznurowaniem;<\/li>\n<li>kapcie: na gumowej podeszwie, zakryte, nie sznurowane, \u0142atwe do za\u0142o\u017cenia;<\/li>\n<li>bi\u017cuteria zostaje w domu.<\/li>\n<\/ul>\n<p><strong>Zapasowa bielizna i ubranie (zapakowane w materia\u0142owy, podpisany worek) to rzeczy, kt\u00f3re le\u017c\u0105 w przedszkolnej szatni i s\u0105 wykorzystywane, gdy zachodzi tego potrzeba, np. majtki, bluzki, rajstopy, spodnie, skarpetki i ewentualnie dodatkowa para kapci.<\/strong><\/p>\n<ul>\n<li>w ci\u0105gu dnia dzieci 3 letnie odpoczywaj\u0105 na le\u017cakach. Ka\u017cde dziecko otrzymuje sw\u00f3j \u015bpiworek i poduszk\u0119<strong>. <\/strong>Aby zminimalizowa\u0107 stres zwi\u0105zany z przebieraniem, dzieci \u015bci\u0105gaj\u0105 tylko wierzchni\u0105 odzie\u017c (nie ubieraj\u0105 pi\u017camek).<\/li>\n<\/ul>\n<p>[\/vc_column_text][\/vc_column][\/vc_row]<\/p>\n<\/div>","protected":false},"excerpt":{"rendered":"<p>[vc_row][vc_column][vc_column_text]\u00a0Organizacja pracy w przedszkolu W pierwszym tygodniu wrze\u015bnia odb\u0119d\u0105 si\u0119 spotkania z rodzicami, podczas kt\u00f3rych przeka\u017cemy najistotniejsze informacje oraz odpowiemy na Pa\u0144stwa pytania. Prosimy \u015bledzi\u0107 nasz\u0105 stron\u0119 internetow\u0105 oraz profil [&hellip;]<\/p>\n","protected":false},"author":177,"featured_media":2289,"comment_status":"closed","ping_status":"open","sticky":false,"template":"","format":"standard","meta":{"ngg_post_thumbnail":0,"footnotes":""},"categories":[3],"tags":[],"class_list":["post-2282","post","type-post","status-publish","format-standard","has-post-thumbnail","hentry","category-aktualnosci","clearfix"],"_links":{"self":[{"href":"https:\/\/przedszkole56.edu.wroclaw.pl\/index.php\/wp-json\/wp\/v2\/posts\/2282","targetHints":{"allow":["GET"]}}],"collection":[{"href":"https:\/\/przedszkole56.edu.wroclaw.pl\/index.php\/wp-json\/wp\/v2\/posts"}],"about":[{"href":"https:\/\/przedszkole56.edu.wroclaw.pl\/index.php\/wp-json\/wp\/v2\/types\/post"}],"author":[{"embeddable":true,"href":"https:\/\/przedszkole56.edu.wroclaw.pl\/index.php\/wp-json\/wp\/v2\/users\/177"}],"replies":[{"embeddable":true,"href":"https:\/\/przedszkole56.edu.wroclaw.pl\/index.php\/wp-json\/wp\/v2\/comments?post=2282"}],"version-history":[{"count":5,"href":"https:\/\/przedszkole56.edu.wroclaw.pl\/index.php\/wp-json\/wp\/v2\/posts\/2282\/revisions"}],"predecessor-version":[{"id":2291,"href":"https:\/\/przedszkole56.edu.wroclaw.pl\/index.php\/wp-json\/wp\/v2\/posts\/2282\/revisions\/2291"}],"wp:featuredmedia":[{"embeddable":true,"href":"https:\/\/przedszkole56.edu.wroclaw.pl\/index.php\/wp-json\/wp\/v2\/media\/2289"}],"wp:attachment":[{"href":"https:\/\/przedszkole56.edu.wroclaw.pl\/index.php\/wp-json\/wp\/v2\/media?parent=2282"}],"wp:term":[{"taxonomy":"category","embeddable":true,"href":"https:\/\/przedszkole56.edu.wroclaw.pl\/index.php\/wp-json\/wp\/v2\/categories?post=2282"},{"taxonomy":"post_tag","embeddable":true,"href":"https:\/\/przedszkole56.edu.wroclaw.pl\/index.php\/wp-json\/wp\/v2\/tags?post=2282"}],"curies":[{"name":"wp","href":"https:\/\/api.w.org\/{rel}","templated":true}]}}