
{"id":2209,"date":"2021-05-18T13:08:17","date_gmt":"2021-05-18T11:08:17","guid":{"rendered":"https:\/\/przedszkole56.edu.wroclaw.pl\/?p=2209"},"modified":"2021-05-18T13:08:17","modified_gmt":"2021-05-18T11:08:17","slug":"wycieczka-do-wioski-indianskiej","status":"publish","type":"post","link":"https:\/\/przedszkole56.edu.wroclaw.pl\/index.php\/2021\/05\/18\/wycieczka-do-wioski-indianskiej\/","title":{"rendered":"Wycieczka do Wioski India\u0144skiej"},"content":{"rendered":"<div class=\"wpb-content-wrapper\"><p>[vc_row][vc_column][vc_column_text]<\/p>\n<div class=\"dati1w0a hv4rvrfc\">\n<div class=\"kvgmc6g5 cxmmr5t8 oygrvhab hcukyx3x c1et5uql\"><span style=\"font-size: 14pt\">Z okazji Dnia Dziecka zapraszamy wszystkie dzieci z Niezapominajki, na wycieczk\u0119 do Wioski India\u0144skiej.<\/span><\/div>\n<div class=\"kvgmc6g5 cxmmr5t8 oygrvhab hcukyx3x c1et5uql\"><span style=\"font-size: 14pt\">B\u0119dziemy si\u0119 super bawi\u0107, zdobywa\u0107 sprawno\u015bci, pokonywa\u0107 przeszkody, rozwi\u0105zywa\u0107 zadania. <\/span><\/div>\n<div class=\"kvgmc6g5 cxmmr5t8 oygrvhab hcukyx3x c1et5uql\"><span style=\"font-size: 14pt\">Obowi\u0105zuje wszystkich india\u0144ski str\u00f3j i wyborny humor <span class=\"pq6dq46d tbxw36s4 knj5qynh kvgmc6g5 ditlmg2l oygrvhab nvdbi5me sf5mxxl7 gl3lb2sf hhz5lgdu\"><img loading=\"lazy\" decoding=\"async\" src=\"https:\/\/static.xx.fbcdn.net\/images\/emoji.php\/v9\/t4c\/1\/16\/1f642.png\" alt=\"\ud83d\ude42\" width=\"16\" height=\"16\" \/><\/span> <\/span><\/div>\n<div class=\"kvgmc6g5 cxmmr5t8 oygrvhab hcukyx3x c1et5uql\"><span style=\"font-size: 14pt\">Wycieczka finansowana jest w ca\u0142o\u015bci z funduszu przedszkolnego.<\/span><br \/>\n<strong><span style=\"font-size: 18pt\">28 maja &#8211; Wielka Niezapominajka<\/span><\/strong><br \/>\n<strong><span style=\"font-size: 18pt\">31 maja &#8211; Ma\u0142a i Du\u017ca Niezapominajka<\/span><\/strong><\/div>\n<\/div>\n<p>[\/vc_column_text][\/vc_column][\/vc_row]<\/p>\n<\/div>","protected":false},"excerpt":{"rendered":"<p>[vc_row][vc_column][vc_column_text] Z okazji Dnia Dziecka zapraszamy wszystkie dzieci z Niezapominajki, na wycieczk\u0119 do Wioski India\u0144skiej. B\u0119dziemy si\u0119 super bawi\u0107, zdobywa\u0107 sprawno\u015bci, pokonywa\u0107 przeszkody, rozwi\u0105zywa\u0107 zadania. Obowi\u0105zuje wszystkich india\u0144ski str\u00f3j i [&hellip;]<\/p>\n","protected":false},"author":177,"featured_media":2210,"comment_status":"closed","ping_status":"open","sticky":false,"template":"","format":"standard","meta":{"ngg_post_thumbnail":0,"footnotes":""},"categories":[3],"tags":[],"class_list":["post-2209","post","type-post","status-publish","format-standard","has-post-thumbnail","hentry","category-aktualnosci","clearfix"],"_links":{"self":[{"href":"https:\/\/przedszkole56.edu.wroclaw.pl\/index.php\/wp-json\/wp\/v2\/posts\/2209","targetHints":{"allow":["GET"]}}],"collection":[{"href":"https:\/\/przedszkole56.edu.wroclaw.pl\/index.php\/wp-json\/wp\/v2\/posts"}],"about":[{"href":"https:\/\/przedszkole56.edu.wroclaw.pl\/index.php\/wp-json\/wp\/v2\/types\/post"}],"author":[{"embeddable":true,"href":"https:\/\/przedszkole56.edu.wroclaw.pl\/index.php\/wp-json\/wp\/v2\/users\/177"}],"replies":[{"embeddable":true,"href":"https:\/\/przedszkole56.edu.wroclaw.pl\/index.php\/wp-json\/wp\/v2\/comments?post=2209"}],"version-history":[{"count":1,"href":"https:\/\/przedszkole56.edu.wroclaw.pl\/index.php\/wp-json\/wp\/v2\/posts\/2209\/revisions"}],"predecessor-version":[{"id":2211,"href":"https:\/\/przedszkole56.edu.wroclaw.pl\/index.php\/wp-json\/wp\/v2\/posts\/2209\/revisions\/2211"}],"wp:featuredmedia":[{"embeddable":true,"href":"https:\/\/przedszkole56.edu.wroclaw.pl\/index.php\/wp-json\/wp\/v2\/media\/2210"}],"wp:attachment":[{"href":"https:\/\/przedszkole56.edu.wroclaw.pl\/index.php\/wp-json\/wp\/v2\/media?parent=2209"}],"wp:term":[{"taxonomy":"category","embeddable":true,"href":"https:\/\/przedszkole56.edu.wroclaw.pl\/index.php\/wp-json\/wp\/v2\/categories?post=2209"},{"taxonomy":"post_tag","embeddable":true,"href":"https:\/\/przedszkole56.edu.wroclaw.pl\/index.php\/wp-json\/wp\/v2\/tags?post=2209"}],"curies":[{"name":"wp","href":"https:\/\/api.w.org\/{rel}","templated":true}]}}