
{"id":1700,"date":"2021-03-25T13:32:08","date_gmt":"2021-03-25T12:32:08","guid":{"rendered":"https:\/\/przedszkole56.edu.wroclaw.pl\/?p=1700"},"modified":"2021-03-25T13:37:28","modified_gmt":"2021-03-25T12:37:28","slug":"drodzy-rodzice-2","status":"publish","type":"post","link":"https:\/\/przedszkole56.edu.wroclaw.pl\/index.php\/2021\/03\/25\/drodzy-rodzice-2\/","title":{"rendered":"Drodzy Rodzice"},"content":{"rendered":"<div class=\"wpb-content-wrapper\"><p>[vc_row][vc_column][vc_column_text]<\/p>\n<div dir=\"auto\"><span style=\"font-size: 14pt\"><strong>Drodzy Rodzice, od 27 marca 2021 r. do 9 kwietnia 2021 r. przedszkole b\u0119dzie NIECZYNNE.<\/strong> Wyj\u0105tkiem b\u0119dzie sprawowanie opieki nad dzie\u0107mi pracownik\u00f3w medycznych i s\u0142u\u017cb porz\u0105dkowych (m.in. \u017co\u0142nierzy, funkcjonariuszy policji i stra\u017cy po\u017carnej). Wszystkie szczeg\u00f3\u0142owe informacje zostan\u0105 Pa\u0144stwu przes\u0142ane na maila, prosimy by\u0107 w sta\u0142ym kontakcie z nauczycielami. Przypominamy, \u017ce rodzice maj\u0105 prawo do skorzystania z opieki z tytu\u0142u zamkni\u0119cia przedszkola.<\/span><\/div>\n<div dir=\"auto\"><span style=\"font-size: 14pt\">Wszystkim Pa\u0144stwu i naszym Przedszkolakom \u017cyczymy zdrowia.<\/span><\/div>\n<p>[\/vc_column_text][\/vc_column][\/vc_row]<\/p>\n<\/div>","protected":false},"excerpt":{"rendered":"<p>[vc_row][vc_column][vc_column_text] Drodzy Rodzice, od 27 marca 2021 r. do 9 kwietnia 2021 r. przedszkole b\u0119dzie NIECZYNNE. Wyj\u0105tkiem b\u0119dzie sprawowanie opieki nad dzie\u0107mi pracownik\u00f3w medycznych i s\u0142u\u017cb porz\u0105dkowych (m.in. \u017co\u0142nierzy, funkcjonariuszy [&hellip;]<\/p>\n","protected":false},"author":177,"featured_media":1701,"comment_status":"closed","ping_status":"open","sticky":false,"template":"","format":"standard","meta":{"ngg_post_thumbnail":0,"footnotes":""},"categories":[3],"tags":[],"class_list":["post-1700","post","type-post","status-publish","format-standard","has-post-thumbnail","hentry","category-aktualnosci","clearfix"],"_links":{"self":[{"href":"https:\/\/przedszkole56.edu.wroclaw.pl\/index.php\/wp-json\/wp\/v2\/posts\/1700","targetHints":{"allow":["GET"]}}],"collection":[{"href":"https:\/\/przedszkole56.edu.wroclaw.pl\/index.php\/wp-json\/wp\/v2\/posts"}],"about":[{"href":"https:\/\/przedszkole56.edu.wroclaw.pl\/index.php\/wp-json\/wp\/v2\/types\/post"}],"author":[{"embeddable":true,"href":"https:\/\/przedszkole56.edu.wroclaw.pl\/index.php\/wp-json\/wp\/v2\/users\/177"}],"replies":[{"embeddable":true,"href":"https:\/\/przedszkole56.edu.wroclaw.pl\/index.php\/wp-json\/wp\/v2\/comments?post=1700"}],"version-history":[{"count":4,"href":"https:\/\/przedszkole56.edu.wroclaw.pl\/index.php\/wp-json\/wp\/v2\/posts\/1700\/revisions"}],"predecessor-version":[{"id":1705,"href":"https:\/\/przedszkole56.edu.wroclaw.pl\/index.php\/wp-json\/wp\/v2\/posts\/1700\/revisions\/1705"}],"wp:featuredmedia":[{"embeddable":true,"href":"https:\/\/przedszkole56.edu.wroclaw.pl\/index.php\/wp-json\/wp\/v2\/media\/1701"}],"wp:attachment":[{"href":"https:\/\/przedszkole56.edu.wroclaw.pl\/index.php\/wp-json\/wp\/v2\/media?parent=1700"}],"wp:term":[{"taxonomy":"category","embeddable":true,"href":"https:\/\/przedszkole56.edu.wroclaw.pl\/index.php\/wp-json\/wp\/v2\/categories?post=1700"},{"taxonomy":"post_tag","embeddable":true,"href":"https:\/\/przedszkole56.edu.wroclaw.pl\/index.php\/wp-json\/wp\/v2\/tags?post=1700"}],"curies":[{"name":"wp","href":"https:\/\/api.w.org\/{rel}","templated":true}]}}