
{"id":1313,"date":"2021-02-10T13:09:17","date_gmt":"2021-02-10T12:09:17","guid":{"rendered":"https:\/\/przedszkole56.edu.wroclaw.pl\/?p=1313"},"modified":"2021-02-23T14:18:57","modified_gmt":"2021-02-23T13:18:57","slug":"jakosc-powietrza-w-niezapominajce","status":"publish","type":"post","link":"https:\/\/przedszkole56.edu.wroclaw.pl\/index.php\/2021\/02\/10\/jakosc-powietrza-w-niezapominajce\/","title":{"rendered":"Jako\u015b\u0107 powietrza w Niezapominajce"},"content":{"rendered":"<div class=\"wpb-content-wrapper\"><p>[vc_row][vc_column][vc_column_text]Szanowni Pa\u0144stwo, w trosce o zdrowie dzieci, codziennie sprawdzamy jako\u015b\u0107 powietrza we Wroc\u0142awiu i od tego uzale\u017cniamy decyzj\u0119 o przebywaniu na placu zabaw.<\/p>\n<p>W naszych gablotach umieszczamy symbol, kt\u00f3ry okre\u015bla stan powietrza.[\/vc_column_text][\/vc_column][\/vc_row]<\/p>\n<\/div>","protected":false},"excerpt":{"rendered":"<p>[vc_row][vc_column][vc_column_text]Szanowni Pa\u0144stwo, w trosce o zdrowie dzieci, codziennie sprawdzamy jako\u015b\u0107 powietrza we Wroc\u0142awiu i od tego uzale\u017cniamy decyzj\u0119 o przebywaniu na placu zabaw. W naszych gablotach umieszczamy symbol, kt\u00f3ry okre\u015bla [&hellip;]<\/p>\n","protected":false},"author":177,"featured_media":1350,"comment_status":"closed","ping_status":"open","sticky":false,"template":"","format":"standard","meta":{"ngg_post_thumbnail":0,"footnotes":""},"categories":[3],"tags":[],"class_list":["post-1313","post","type-post","status-publish","format-standard","has-post-thumbnail","hentry","category-aktualnosci","clearfix"],"_links":{"self":[{"href":"https:\/\/przedszkole56.edu.wroclaw.pl\/index.php\/wp-json\/wp\/v2\/posts\/1313","targetHints":{"allow":["GET"]}}],"collection":[{"href":"https:\/\/przedszkole56.edu.wroclaw.pl\/index.php\/wp-json\/wp\/v2\/posts"}],"about":[{"href":"https:\/\/przedszkole56.edu.wroclaw.pl\/index.php\/wp-json\/wp\/v2\/types\/post"}],"author":[{"embeddable":true,"href":"https:\/\/przedszkole56.edu.wroclaw.pl\/index.php\/wp-json\/wp\/v2\/users\/177"}],"replies":[{"embeddable":true,"href":"https:\/\/przedszkole56.edu.wroclaw.pl\/index.php\/wp-json\/wp\/v2\/comments?post=1313"}],"version-history":[{"count":13,"href":"https:\/\/przedszkole56.edu.wroclaw.pl\/index.php\/wp-json\/wp\/v2\/posts\/1313\/revisions"}],"predecessor-version":[{"id":1521,"href":"https:\/\/przedszkole56.edu.wroclaw.pl\/index.php\/wp-json\/wp\/v2\/posts\/1313\/revisions\/1521"}],"wp:featuredmedia":[{"embeddable":true,"href":"https:\/\/przedszkole56.edu.wroclaw.pl\/index.php\/wp-json\/wp\/v2\/media\/1350"}],"wp:attachment":[{"href":"https:\/\/przedszkole56.edu.wroclaw.pl\/index.php\/wp-json\/wp\/v2\/media?parent=1313"}],"wp:term":[{"taxonomy":"category","embeddable":true,"href":"https:\/\/przedszkole56.edu.wroclaw.pl\/index.php\/wp-json\/wp\/v2\/categories?post=1313"},{"taxonomy":"post_tag","embeddable":true,"href":"https:\/\/przedszkole56.edu.wroclaw.pl\/index.php\/wp-json\/wp\/v2\/tags?post=1313"}],"curies":[{"name":"wp","href":"https:\/\/api.w.org\/{rel}","templated":true}]}}